{"id":970,"date":"2025-06-02T11:35:58","date_gmt":"2025-06-02T09:35:58","guid":{"rendered":"http:\/\/armins-nach-richten.de\/?p=970"},"modified":"2025-06-02T11:35:58","modified_gmt":"2025-06-02T09:35:58","slug":"mrb-mai-2025","status":"publish","type":"post","link":"https:\/\/armins-nach-richten.de\/?p=970","title":{"rendered":"MRB Mai 2025"},"content":{"rendered":"<p>Das Allerletzte zuerst. Aus welcher Fraktion auch immer die 18 Abtr\u00fcnnigen stammen, sie haben den \u201egesichert Rechtsextremisten\u201c, dem Deutschen Volk und den demokratischen Parteien einen B\u00e4rendienst erwiesen: sich feige, hinterh\u00e4ltig und link hinter der anonymen Wahl zu verkriechen, das ist wirklich das Allerletzte! Ihre Ver\u00e4rgerung oder Unstimmigkeit \u00fcber was und wen auch immer, h\u00e4tten sie zwingend in den Gremien, in den Fraktionen kl\u00e4ren m\u00fcssen! So das Ansehen der Deutschen Demokratie zu diskreditieren ist eine Schande!<\/p>\n<p>Ein altes, bekanntes deutsches Volkslied prophezeit den Weltuntergang am 30. Mai. Na dann mal los: Willkommen im Wonnemonat! Na, das wird ja ein ganz lustiger Monat. Die Garde der SPD-Minister*innen kennen wenige. Hoffentlich kennen sie sich wenigstens aus! Der Koalitionsvertrag ist ratifiziert und alle schw\u00f6ren auf beste Zusammenarbeit.<\/p>\n<p>Wir warten gespannt auf wei\u00dfen Rauch in Rom \u2013 in Washington ist er ja schon aufgestiegen. Der \u201evon Gott Gesandte\u201c schielt auf den \u201eHeiligen Stuhl\u201c. Ich w\u00fcrde mich freuen, wenn er eher auf dem elektrischen Stuhl im neuen Knast \u201eAlcatraz\u2019\u201c seinen Platz finden w\u00fcrde.<\/p>\n<p>Bei den neuen Ministern*innen scheint f\u00fcr die Presse das wichtigste Kriterium zu sein, aus welchem Bundesland sie stammen. Mir w\u00e4re Kompetenz anstelle Parit\u00e4t lieber!<\/p>\n<p>Der 2te Wahl Kanzler. Der Friederich, der Friederich, der ist ein alter W\u00fcterich. Na endlich! Mit Abfuhren hat er viele Jahre ausreichend Erfahrungen sammeln k\u00f6nnen. Jetzt ist er am Ziel! Auch, wenn er die Brandmauer dann doch nicht \u00fcberspringen musste. Aber eine kleine H\u00fcrde bei den \u201eLinken\u201c entpuppte sich nicht als Doppelochser! Und der Alex Dobrindt, der schaut immer so, als ob er den Schulabschluss im Albert Schweizer Gymnasium gerade eben so absol-vier-t hat.<\/p>\n<p>Die Eisheiligen haben wieder Konjunktur: Schoko, Baggio, Malaga!<\/p>\n<p>Der Zollwahnsinn kennt kein Pardon: Trump erl\u00e4sst totales Ausfuhrverbot f\u00fcr amerikanische Kardin\u00e4le! Und, es gibt jetzt zwei von Gott Gesandte: der wahre Christ im Gottes Haus im Vatikan, der Antichrist im Wei\u00dfen Haus.<\/p>\n<p>Welchen nachvollziehbaren Grund gibt es eigentlich f\u00fcr die Union, den Vorschlag von Frau Bas derart zu kritisieren, auch Beamte und Freiberufler etc. in das Rentensystem mit einzubeziehen?<\/p>\n<p>Ich kann es immer noch nicht fassen: das Dorle! Mit der neuen Ministerin f\u00fcr Entwicklung hat man sich wirklich einen B\u00e4rendienst erwiesen. Nach jahrelangem Totalversagen als Verantwortliche f\u00fcr den digitalen Ausbau in Deutschland soll sie nun die Modernisierung in unseren Land aktiv verhindern. Da hat man die B\u00e4rin zur G\u00e4rtnerin gemacht!<\/p>\n<p>Endlich beschlie\u00dfen die vereinten Europ\u00e4er hammerharte Sanktionen gegen den Kriegsverbrecher Putin und seine Vasallen. Mir wird ganz schwindelig, so drastisch sind die Drohungen! Schade, dass sie sie nicht unmittelbar, sofort am Tag danach verh\u00e4ngt haben, sondern nur vage androhen! Erst einmal abwarten, was der Irre in den USA wieder vorhat. Wie erb\u00e4rmlich ist eigentlich der Bund der Willigen?<\/p>\n<p>Ist euch schon positiv aufgefallen, wie geschlossen doch die neue Koalition agiert? Jeder schwadroniert um alle unm\u00f6glichen Leute, verspricht Summen nichtvorhandener Mittel und aus vollen Rohren wird unverdrossen geschossen. Wie in besten Ampel-Zeiten. Meine \u201elasst sie erst einmal machen\u201c Parole hat schon dicke Kratzer bekommen. Aber bleiben wir opti-mist-isch!<\/p>\n<p>Meine Abenteuer im Supermarkt haben dieser Tage eine neue Eskalationsstufe hinzubekommen. Edeka Kohler feierte seinen 25sten Geburtstag. Und ich bin unerwartet und unvorbereitet in die Feierlichkeiten geraten. Stellt euch bitte vor, dass an jeder, an jeder Stirnseite der Verkaufsregale ein Stand mit Warenproben und den dazugeh\u00f6rigen Marktschreiern lauerte! Und dazu, am hellen, heiteren Tag, Rentnerehepaare und andere freilaufende K\u00e4uferinnen, die die kostenlosen Angebote dankend angenommen haben. Schon die erste Stirnseiten-Darbietung verursachte eine schier un\u00fcberwindliche Barriere! Spontan funktionierte ich meinen Hackenporsche um, in einen tonnenschweren Bergepanzer der Pioniereinheit Rheintal! Mit einem milit\u00e4rischem, aber freundlich heiterem \u201eoh, Pardon!\u201c rammte ich mir Schneisen durch die schmarotzenden Bollwerke der Generation Silberlocke. Spuren der Verw\u00fcstung waren einkalkuliert, da manch dargebotene Geschmacksprobe den zittrigen H\u00e4nden der Testpersonen entglitt und sich eine klebrige, undefinierbare Masse auf den G\u00e4ngen ergoss. Da das Personal mit dem F\u00fcllen der Angebots-Regale voll und ganz ausgelastet war und sich nicht auch noch der Reinlichkeit in diesem Ausma\u00df widmen konnte, zogen sich als bald h\u00fcbsche, schleimig bunte Spuren wie Serpentinen, nur eben horizontal, durch die Arena.<\/p>\n<p>Der fehlende Mairegen hinterl\u00e4sst sichtbare Spuren bei den Wellnesserinnen!<\/p>\n<p>Die Unp\u00fcnktlichkeit der DB ist ja nun schon legend\u00e4r. Ich h\u00e4tte da einen sinnvollen Vorschlag, um das Desaster in den Griff zu bekommen: Wenn sie denn wissen, dass sie zu sp\u00e4t kommen, warum fahren sie dann nicht fr\u00fcher los?! Irgendwie werde ich das Gef\u00fchl nicht los, dass ich hier irgendetwas \u00fcbersehen habe!<\/p>\n<p>Aber jetzt wei\u00df ich, warum der Merz seine Pl\u00e4ne so j\u00e4h gewechselt hat. Das liegt an seinem haarigen kreisverkehrsf\u00f6rmigen Bewuchs im oberen Stirnbereich. Hier herrscht n\u00e4mlich der Verkehr gegen den Uhrzeigersinn!<\/p>\n<p>So, kurze Schreibpause ist zu Ende! Urlaub muss sein, auch f\u00fcr gestresste Rentner. Denn, wie sagte Henry Miller doch so treffend: \u201eDas Leben ist das, was uns zust\u00f6\u00dft, w\u00e4hrend wir ganz etwas anderes vorhaben.\u201c<\/p>\n<p>Eigentlich h\u00e4tte ich etwas ausf\u00fchrlicher \u00fcber den Urlaub berichten sollen. Aber ich fasse hier das Wichtigste zusammen: die Ferienzeit fernab aller Schulferien ist uns Best Agern vorbehalten. Das f\u00fchrt auch zu ganz spezifischen Gespr\u00e4chen beim Aperol Spritz \u2013 Krankheiten! Hier meine Kurzfassung aus einer Woche S\u00fcdtirol: Frau mit schwerem Rheuma, ihr Mann hat keinen Magen mehr, keine Milz und es fehlt ein St\u00fcck Speiser\u00f6hre. Wanderer aus Schwaben: Sie zwei neue H\u00fcften, er Morbus Bechterew und vier Stands. Er ein Aneurysma im Bauchbereich ein weiteres nahe dem Herzen. Schwer zu operieren, sie Arthrose in beiden Knien. Dazu kamen dann ganz normale H\u00f6chstwerte beim Blutdruck, Harns\u00e4ure, Diabetes, Cholesterin, R\u00fccken und Haarausfall. Ach ja, fast h\u00e4tte ich es vergessen: Erben, das Vererben der angeh\u00e4uften Verm\u00f6gen, mit minimaler Beteiligung der K\u00f6rperschaftsteuer, war selbstverst\u00e4ndlich ein monet\u00e4rer Kontrapunkt zu den k\u00f6rperlichen Leiden!<\/p>\n<p>Schlie\u00dfen m\u00f6chte ich mit der Aussage unserer bayrischen Amts- und Bedenkentr\u00e4ger. Sie wollen die Welthauptstadt der KI werden! Macht durchaus Sinn, wenn es an HI mangelt!<\/p>\n","protected":false},"excerpt":{"rendered":"<p>Das Allerletzte zuerst. Aus welcher Fraktion auch immer die 18 Abtr\u00fcnnigen stammen, sie haben den \u201egesichert Rechtsextremisten\u201c, dem Deutschen Volk und den demokratischen Parteien einen B\u00e4rendienst erwiesen: sich feige, hinterh\u00e4ltig und link hinter der anonymen Wahl zu verkriechen, das ist wirklich das Allerletzte! Ihre Ver\u00e4rgerung oder Unstimmigkeit \u00fcber was und wen auch immer, h\u00e4tten sie [&hellip;]<\/p>\n","protected":false},"author":1,"featured_media":0,"comment_status":"open","ping_status":"open","sticky":false,"template":"","format":"standard","meta":{"footnotes":""},"categories":[56],"tags":[],"class_list":["post-970","post","type-post","status-publish","format-standard","hentry","category-c-gesellschaft","post-preview"],"_links":{"self":[{"href":"https:\/\/armins-nach-richten.de\/index.php?rest_route=\/wp\/v2\/posts\/970","targetHints":{"allow":["GET"]}}],"collection":[{"href":"https:\/\/armins-nach-richten.de\/index.php?rest_route=\/wp\/v2\/posts"}],"about":[{"href":"https:\/\/armins-nach-richten.de\/index.php?rest_route=\/wp\/v2\/types\/post"}],"author":[{"embeddable":true,"href":"https:\/\/armins-nach-richten.de\/index.php?rest_route=\/wp\/v2\/users\/1"}],"replies":[{"embeddable":true,"href":"https:\/\/armins-nach-richten.de\/index.php?rest_route=%2Fwp%2Fv2%2Fcomments&post=970"}],"version-history":[{"count":1,"href":"https:\/\/armins-nach-richten.de\/index.php?rest_route=\/wp\/v2\/posts\/970\/revisions"}],"predecessor-version":[{"id":971,"href":"https:\/\/armins-nach-richten.de\/index.php?rest_route=\/wp\/v2\/posts\/970\/revisions\/971"}],"wp:attachment":[{"href":"https:\/\/armins-nach-richten.de\/index.php?rest_route=%2Fwp%2Fv2%2Fmedia&parent=970"}],"wp:term":[{"taxonomy":"category","embeddable":true,"href":"https:\/\/armins-nach-richten.de\/index.php?rest_route=%2Fwp%2Fv2%2Fcategories&post=970"},{"taxonomy":"post_tag","embeddable":true,"href":"https:\/\/armins-nach-richten.de\/index.php?rest_route=%2Fwp%2Fv2%2Ftags&post=970"}],"curies":[{"name":"wp","href":"https:\/\/api.w.org\/{rel}","templated":true}]}}