{"id":847,"date":"2023-09-01T11:45:03","date_gmt":"2023-09-01T09:45:03","guid":{"rendered":"http:\/\/armins-nach-richten.de\/?p=847"},"modified":"2023-09-01T11:45:03","modified_gmt":"2023-09-01T09:45:03","slug":"mrb-august-2023","status":"publish","type":"post","link":"https:\/\/armins-nach-richten.de\/?p=847","title":{"rendered":"MRB August 2023"},"content":{"rendered":"\n<p>Der \u00dcbergang zum Monatswechsel war ausgesprochen feucht, aber fr\u00f6hlich!<\/p>\n\n\n\n<p>Aus gegebenem Anlass und absolutem Unverst\u00e4ndnis f\u00fcr den \u00fcbers Land wabernden Schwachsinn, wie Debatten \u00fcber z.B. Sexismus, anr\u00fcchige Bezeichnungen oder kulturelle Aneignung, gipfeln jetzt in Warnhinweise bei historischen Sendungen im TV.<\/p>\n\n\n\n<p>Dazu m\u00f6chte ich Dieter Hildebrandt zitieren: <strong>\u201eDie ARD macht sich in jede Hose, die man ihr hinh\u00e4lt. Und die Privaten senden das, was drin ist!\u201c<\/strong><\/p>\n\n\n\n<p>Dazu noch eine pers\u00f6nliche Anmerkung: Habt ihr eigentlich eine eigene Meinung?&nbsp; Und habt ihr sie euch auch wirklich gebildet? Leider erkenne ich h\u00e4ufiger als zumutbar das gedankenlose Nachplappern aus den asozialen Hetzwerken. Zur eigenen Meinung noch kurz die Aufforderung von Immanuel Kant: <strong>\u201eHabe den Mut dich deines eigenen Verstandes zu bedienen!\u201c <\/strong>Oder liegt hier das grundlegende Problem?<\/p>\n\n\n\n<p>Gerade (30.08.) h\u00f6re ich im Radio, dass sich in Deutschland das Bildungsniveau weiter verschlechtert hat.<\/p>\n\n\n\n<p>So, jetzt aber runter mit dem Zeigefinger und werfen wir wieder einen Blick in die unteren Regionen der Schubladen. Ungel\u00f6ste Fragen der Menschheit: K\u00f6nnen Rechtsh\u00e4nder Dinge mit links erledigen?<\/p>\n\n\n\n<p>Wir verharren weiter im digi-talen Niemandsland. Der Bund streicht Mittel f\u00fcr den lange \u00fcberf\u00e4lligen Ausbau. Das ist doch gro\u00dfartig \u2013 oder etwa nicht? Die Zukunft in diesem unserem Lande ist analog! Und zu allem \u00dcbel m\u00fcssen deshalb diverse (nicht genderspezifisch!) Beamte zus\u00e4tzlich eingestellt werden. Damit anheim geht dann der Aufbau der B\u00fcrokratie schwungvoll und nachhaltig weiter.<\/p>\n\n\n\n<p>Das ist gelebte Gendergerechtigkeit! Auch die M\u00e4dels sind bei der WM in der Vorrunde ausgeschieden. Deckungsgleich, wie bei den Buben. Ups, ist \u201eDeckungsgleich\u201c nicht zu anst\u00f6\u00dfig. Oder gar maskuline Aneignung?<\/p>\n\n\n\n<p>Bravo Markus S\u00f6der! Das penetrante Hetzen gegen die Gr\u00fcnen, ist u.a. bei Bauern auf fruchtbaren Boden gefallen! Bei einer Veranstaltung im Chiemgau wurden von den Subventionsempf\u00e4ngern, von den FW- und Jungen-CSU-Mitgliedern, von AfD-Parteisoldaten und anderen schr\u00e4gen V\u00f6geln Eier, Tomaten und: kleine und gro\u00dfe Steine zum Verkauf angeboten! Die Veranstaltung ist v\u00f6llig eskaliert. Das nimmt ja schon trumpsche Dimensionen an! Sch\u00e4mt euch!<\/p>\n\n\n\n<p>Ich habe es getan! Ich habe mich bei \u201eZDF-Mitreden\u201c registriert und darf wohl mitreden. Sagen sie jedenfalls. Ob das noch nach meiner Meinungs\u00e4u\u00dferung so ist, wage ich zu bezweifeln. Bisher waren nur ein paar allgemeine Daten gew\u00fcnscht. Ich bin ja mal gespannt, wann ich meine ma\u00dfgebliche Meinung anbringen kann. Und nat\u00fcrlich auf die Reaktionen. So es denn \u00fcberhaupt welche gibt. Ich halte euch selbstredend auf dem Laufenden!<\/p>\n\n\n\n<p>Man sollte wenigstens eine Nacht dar\u00fcber schlafen. Aber es muss spontan raus und deshalb m\u00f6chte ich mich gleich f\u00fcr meine Wortwahl entschuldigen. Ich habe gerade im Berliner Sommer-Interview Markus S\u00f6der ertragen. Ich k\u00f6nnte kotzen! So viel Arroganz und Selbstherrlichkeit habe ich nur bei Trump oder den AfDlern erlebt. Es gibt kaum etwas, bei dem er nicht der Beste ist. Oder die CSU, also er. Oder die Union, also er. Oder Bayern, also er. Und sollte er einmal nicht der Beste sein, dann ist er auf jeden Fall vor Baden W\u00fcrstchenberg (Gr\u00fcne-Regierung!). Wie kann man diesen kranken Egomanen vertrauen? Sorry, meine bayrischen Freunde, aber dieser Klassiker eines Narzissten ist einfach unertr\u00e4glich!<\/p>\n\n\n\n<p>Das aufm\u00fcpfige Trio der CDU-Ministerpr\u00e4sidenten Daniel G\u00fcnther (SH), Hendrik W\u00fcst (NRW) und Boris Rhein (H) k\u00f6nnen die bayrische Besserwisserei auch schon nicht mehr ertragen. So stand es in der \u201eMainzer Allgemeinen Zeitung\u201c. Dem habe ich ausnahmsweise einmal nichts hinzuzuf\u00fcgen.<\/p>\n\n\n\n<p>Weltrekord! Noch nie hat ein Film von Warner Brothers in den ersten Tagen so viele Besucher registriert wie Barbie. Ist das nicht das frustrierendes Armutszeugnis dieser degenerierten Gesellschaft schlechthin?<\/p>\n\n\n\n<p>10.08.: Der Spruch des Tages: \u201eDer Sommer ist doch der sch\u00f6nste Tag im Jahr!\u201c<\/p>\n\n\n\n<p>H\u00e4ttet ihr es gewusst? Ganz ehrlich? Ich jedenfalls nicht. Und Hans2 sei Dank kann ich in dieser Gazette aufkl\u00e4ren. Wieder einmal! Also, der Wortstamm f\u00fcr Emanzipation kommt aus dem lateinischen. Genauer aus der R\u00f6merzeit und bedeutet: Entlassung eines erwachsenen Sohnes aus der v\u00e4terlichen Gewalt in die Selbst\u00e4ndigkeit. F\u00fcr T\u00f6chter gab es da eine leicht angepasste \u00dcberlieferung. Der Vater entl\u00e4sst die Tochter in die Obhut des Ehegatten und dessen Vater. Da sage ich nur Aha!<\/p>\n\n\n\n<p>Inzwischen hat sich das Wetter dramatisch ge\u00e4ndert. Jetzt st\u00f6hnen alle wieder \u00fcber die Schw\u00fcle und Hitze. So langsam stellt sich auf meinem Astralk\u00f6rper eine leichte Sommerbr\u00e4une ein und ich frage mich: Ist das akzeptabel? Oder f\u00e4llt das schon unter kulturelle Aneignung?<\/p>\n\n\n\n<p>Die Trockenheit l\u00e4sst die Wasserpegel sinken. Sogar der Po ist trockengelegt. Ups, ist das denn jetzt ein anr\u00fcchiges Rinnsal? Muss man \u00fcber eine Umbenennung ernsthaft nachdenken? Lasst mich eure Ideen und Vorschl\u00e4ge wissen! Ich kann mich schlie\u00dflich nicht um alles k\u00fcmmern!<\/p>\n\n\n\n<p>Die Politiker sind zur\u00fcck aus der Sommerpause. Leise Hoffnungen, das Hirn k\u00f6nnte sich ein wenig regeneriert haben, zerplatzt schon am ersten Tag wie eine Seifenblase. Das Ampelgehampel geht nahtlos in das zweite Semester des Jahres. Dagegen war das Aufbl\u00e4hen der Hinterb\u00e4nkler im Sommerloch doch wahre Erholung!<\/p>\n\n\n\n<p>Als taktisch exzellenter Schachzug erweist sich die Legalisierung von Cannabis. Anders als bekifft l\u00e4sst sich der ganze Terz auch nicht ertragen!<\/p>\n\n\n\n<p>Einerseits ist das Debakel mit der Flugbereitschaft nur h\u00f6chstpeinlich. Andererseits muss man bedenken, dass die Flieger aber auch \u00fcber 500 X pro Jahr allein zwischen Bonn und Berlin hin und her pendeln. Da kommt ganz sch\u00f6n was zusammen.<\/p>\n\n\n\n<p>23.08.: Ich kann jetzt meinen Namen und mein Geschlecht frei w\u00e4hlen. Nicht schlecht. Den Freien Demokraten sei Dank. Sollte ich es einmal als Frau probieren? Dann m\u00fcsste ich mich eventuell nicht mehr rasieren!<\/p>\n\n\n\n<p>Wenn ein Massenm\u00f6rder einen Massenm\u00f6rder ermordet:<\/p>\n\n\n\n<p>Vom Himmel hoch da komm` ich her,<\/p>\n\n\n\n<p>und mache keinen Aufstand mehr.<\/p>\n\n\n\n<p>Im Totenhemd, die Taschen leer,<\/p>\n\n\n\n<p>zieht Putin mich aus dem Verkehr!<\/p>\n\n\n\n<p>Donnerwetter Kiesewetter! Beschimpft seine Personenbesch\u00fctzer als KZ-W\u00e4chter. Der Roderich, der Roderich, der ist ein b\u00f6ser W\u00fcterich!<\/p>\n\n\n\n<p>Jetzt hat mich die Muse gleich zweimal gek\u00fcsst. Muss sie jetzt auch von ihrem Amt zur\u00fccktreten? Wie der Spanier, der im \u00dcberschwang seiner Gef\u00fchle einem WM-M\u00e4del einen Schmatz auf den Mund gedr\u00fcckt hat.<\/p>\n\n\n\n<p>Zu dem hirnlosen Trumpeltier f\u00e4llt mir leider keine Steigerung aus den untersten Schubladen mehr ein. Noch schlimmer ist, wie d\u00e4mlich die H\u00e4lfte dieses Volkes ist, die diesem L\u00fcgner, Hasser und Hetzer immer noch die Stange halten. Aber schaut sie euch an! Man sieht schon welch` Geistes Kind sie sind! Gott bewahre uns davor, dass dieses ganze Gesocks weltweit irgendwo und irgendwann an die Macht kommt. Sie geh\u00f6ren eher in den Knast oder in die Irrenanstalt!<\/p>\n\n\n\n<p>Welche Frage stellen die Deutschen zur geplanten Einf\u00fchrung des digitalen Euro? Richtig: Kann man den faxen?<\/p>\n\n\n\n<p>Tja diese Bayern, speziell die, die Schaden von ihnen abwenden sollen. Nach dem Verkauf von Tomaten und Eiern und Steinen bei einer Veranstaltung der Gr\u00fcnen, wird nun ein neues Fass aufgemacht. Der Kom\u00f6diant Hubsi Aiwanger hat im jugendlichen Leichtsinn widerw\u00e4rtige Pamphlete verfasst und \/ oder verteilt. Jetzt ist sein \u00e4lterer Bruder flugs in die Bresche gesprungen, um ihn aus dem Nazisumpf zu ziehen und damit seine pseudodemokratische Weste optisch sauber bleibt. Wie sprach doch Konni Adenauer so philosophisch: \u201eMan kennt sisch und man h\u00fclpt sisch!\u201c<\/p>\n\n\n\n<p>Also kreativ sind sie ja! Nur einen Tag nach dem Opfer-Bruder-Outing stellt selbiger nun fest, dass sein regierendes Br\u00fcderchen die Pamphlete in seinem Ranzen (Schulranzen!) lediglich eingesammelt h\u00e4tte, um sie aus dem Verkehr zu ziehen. Grandioser Einfall! Wer den wohl hatte?<\/p>\n\n\n\n<p>29.08.: 130 Jahre Reiss(z)verschluss! Gratulation! Fest verzahnt h\u00e4lt er zusammen, was zusammengeh\u00f6rt. Oben und unten, rechts und links. Man sollte sich \u00fcber eine Rei\u00dfverschluss-Koalition Gedanken machen! Zum \u00dcben h\u00e4lfe gleichnamiges System auf einem Beschleunigungsstreifen. Br\u00e4chte auch diesem Sinne nach mehr Schwung ins Parlament!<\/p>\n\n\n\n<p>29.08.: Unschuldig! Aber in allen \u00fcblichen regenbogenfarbenen Gazetten und von nicht begl\u00fcckten Gutmenschinnen vorverurteilt! Auch wenn Til Lindemann in schwarzem H\u00e4s auftritt, seine Weste leuchtet strahlend wei\u00df! Anzumerken bleibt: die M\u00f6chtegern Gesch\u00e4ndeten haben sich ausschlie\u00dflich an die Presse gewandt! Nicht an die Staatsanwaltschaft. Sollte in erster Linie wohl profitabel sein. Ach ja, warum werden diese ganzen d\u00e4mlichen Verkuppel- und Casting-Show, sowie Dating-Portalen in den \u201eUn\u00f6ffentlich-unrechtlichen\u201c eigentlich nicht an den Pranger gestellt? Vorne weg unsere oberpeinliche Heidi Klum!<\/p>\n\n\n\n<p>Nahezu jedes Bauvorhaben ruft augenblicklich m\u00f6glich Betroffene auf den Schirm. BIs und AKs, BUND und Nabu echauffieren sich, fordern und verz\u00f6gern. Besonders dramatisch wird es, wenn sie sich untereinander nicht einig sind und \u00fcbereinander herfallen. Nat\u00fcrlich kehrt jede\/r ausschlie\u00dflich vor seiner eigenen T\u00fcr!<\/p>\n\n\n\n<p>Das Letzte: Meine gro\u00dfe Sorge gilt zum Schluss unseren Politikern. Ganz gleich welcher Partei sie angeh\u00f6ren, alle leiden sie unter einem be\u00e4ngstigenden Ged\u00e4chtnisverlust, wenn es um die wesentlichen Dinge von Anschuldigungen gegen sie geht. Brutalstm\u00f6gliche Aufkl\u00e4rungen versanden an einem legeren Schulterzucken.<\/p>\n","protected":false},"excerpt":{"rendered":"<p>Der \u00dcbergang zum Monatswechsel war ausgesprochen feucht, aber fr\u00f6hlich! Aus gegebenem Anlass und absolutem Unverst\u00e4ndnis f\u00fcr den \u00fcbers Land wabernden Schwachsinn, wie Debatten \u00fcber z.B. Sexismus, anr\u00fcchige Bezeichnungen oder kulturelle Aneignung, gipfeln jetzt in Warnhinweise bei historischen Sendungen im TV. Dazu m\u00f6chte ich Dieter Hildebrandt zitieren: \u201eDie ARD macht sich in jede Hose, die man [&hellip;]<\/p>\n","protected":false},"author":1,"featured_media":0,"comment_status":"open","ping_status":"open","sticky":false,"template":"","format":"standard","meta":{"footnotes":""},"categories":[56],"tags":[],"class_list":["post-847","post","type-post","status-publish","format-standard","hentry","category-c-gesellschaft","post-preview"],"_links":{"self":[{"href":"https:\/\/armins-nach-richten.de\/index.php?rest_route=\/wp\/v2\/posts\/847","targetHints":{"allow":["GET"]}}],"collection":[{"href":"https:\/\/armins-nach-richten.de\/index.php?rest_route=\/wp\/v2\/posts"}],"about":[{"href":"https:\/\/armins-nach-richten.de\/index.php?rest_route=\/wp\/v2\/types\/post"}],"author":[{"embeddable":true,"href":"https:\/\/armins-nach-richten.de\/index.php?rest_route=\/wp\/v2\/users\/1"}],"replies":[{"embeddable":true,"href":"https:\/\/armins-nach-richten.de\/index.php?rest_route=%2Fwp%2Fv2%2Fcomments&post=847"}],"version-history":[{"count":1,"href":"https:\/\/armins-nach-richten.de\/index.php?rest_route=\/wp\/v2\/posts\/847\/revisions"}],"predecessor-version":[{"id":848,"href":"https:\/\/armins-nach-richten.de\/index.php?rest_route=\/wp\/v2\/posts\/847\/revisions\/848"}],"wp:attachment":[{"href":"https:\/\/armins-nach-richten.de\/index.php?rest_route=%2Fwp%2Fv2%2Fmedia&parent=847"}],"wp:term":[{"taxonomy":"category","embeddable":true,"href":"https:\/\/armins-nach-richten.de\/index.php?rest_route=%2Fwp%2Fv2%2Fcategories&post=847"},{"taxonomy":"post_tag","embeddable":true,"href":"https:\/\/armins-nach-richten.de\/index.php?rest_route=%2Fwp%2Fv2%2Ftags&post=847"}],"curies":[{"name":"wp","href":"https:\/\/api.w.org\/{rel}","templated":true}]}}