{"id":507,"date":"2019-04-02T12:06:21","date_gmt":"2019-04-02T10:06:21","guid":{"rendered":"http:\/\/armins-nach-richten.de\/?p=507"},"modified":"2019-04-02T12:06:21","modified_gmt":"2019-04-02T10:06:21","slug":"monatsrueckblick-maerz-2019","status":"publish","type":"post","link":"https:\/\/armins-nach-richten.de\/?p=507","title":{"rendered":"Monatsr\u00fcckblick M\u00e4rz 2019"},"content":{"rendered":"\n<p>Mein Satz des Monats zur weltpolitischen Lage: Wermut\nstatt Wehmut.<\/p>\n\n\n\n<p>Habe ich etwas verpasst? Die\nRestauration der GrochFock kostet uns Steueropfer anstelle von 9,6 stolze 135\nMillionen. Und wer wird zur Rechenschaft gezogen? Bleibt mir das legend\u00e4re ostwestf\u00e4lische\nSprichwort: \u201eWhat happen, when the ship goes under?\u201c Oder: \u201eNur Fliegen ist\nsch\u00f6ner\u201c Scherz!<\/p>\n\n\n\n<p>Jetzt geht\u2019s aber Tag auf\nTag:<\/p>\n\n\n\n<p>04.03. Wir gratulieren ganz\nherzlich: Barbie wird 60 Jahre! Hat sich verdammt gut gehalten das P\u00fcppchen!<\/p>\n\n\n\n<p>05.03. Total abgefahren:\nVolvo drosselt das Tempo generell auf 180. K\u00f6nnte man doch grunds\u00e4tzlich bei\nallen Fahrzeugen auf die diskutierten 130 einf\u00fchren. Stellt euch mal vor,\nwieviel Schilder man sparen k\u00f6nnte f\u00fcr Begrenzung und Aufhebung! Allerdings ist\nmit erheblichem Widerstand der Schildb\u00fcrger zu rechnen.<\/p>\n\n\n\n<p>06.03. Und es kommt noch\nbesser: der politische Aschermittwoch wird sogar 100 Jahre. Dass erkl\u00e4rt manch\nseniles Treffen der volltrunkenen Stammtischler.<\/p>\n\n\n\n<p>07.03. Der Bundes-Jogi\nschickt die heiligen drei K\u00f6nige vom Platz. Den Kasper M\u00fcller, Melchior Hummels\nund Balthasar Boateng. Dar\u00fcber hinaus interessiert mich, wann, nach Ansicht der\nHerren, der richtige Zeitpunkt ist, um mitgeteilt zu bekommen, dass man nicht\nmehr mitspielen darf? Besonders hervor tut sich der omnipr\u00e4sente\nMediendampfplauderer M\u00fcller. Ja selbst die Stimme aus dem Abseits, die\nZwie-Lichtgestalt, der Kaiser, besticht durch papageienhaftes Nachgeplapper.<\/p>\n\n\n\n<p>08.03. Der Weltfrauentag!\nIch habe mich bereits an anderer Stelle zu diesem Thema ge\u00e4u\u00dfert, evtl. wird\ndieser Bericht gar vom Algorithmus vorgeschlagen. Egal: m\u00fcsste es aber nicht\nkorrekter Weise auch ein weiblicher Begriff sein? Also die Weltfrauent\u00e4gin oder\nso. <strong>Der<\/strong> Tag der Frauen. <strong>Die<\/strong> Tage der Frauen haben hingegen eine\nganz andere Bedeutung und geben nur unter gewissen Umst\u00e4nden Anlass zum Feiern.\nAber das nur nebenbei.<\/p>\n\n\n\n<p>18.03. Equal Pay Day! Meine\nFrage ist immer noch unbeantwortet \u2013 haben die Frauen bis zu diesem Tag umsonst\noder kostenlos gearbeitet?<\/p>\n\n\n\n<p>Flinten Uschi gibt die\nMillllllionen zur Renovierung der Gorch Fok frei. Verantwortliche f\u00fcr die\n\u00dcberziehung des Budgets von dem unglaublichen 15-fachen: Fehlanzeige! Von\nKonsequenzen ganz zu schweigen. \u201eGute Chancen, so Flinten Uschi, dass sie dann\nwieder auf allen Weltmeeren segelt.\u201c Wie w\u00e4re es, wenn die Frontfrau der\nVerschwendungen und Skandale als Gallionsfigur fungieren w\u00fcrde?<\/p>\n\n\n\n<p>Der Verbrauchertipp des\nMonats: Wir basteln uns passende Grenzwerte. Man nehme einen Sprit-zer\nTreibstoff, eine ordentliche Portion betr\u00fcgerische Manipulationen, \u00fcberziehe\ndies mit einer Messerspitze satter Boni,&nbsp;\nw\u00fcrze das Ganze mit einer lauen Prise von \u00fcberreifen Politkaspern und\nlasse es von der GroKo co2neutral unter den Teppich kehren \u2013 fertig ist der\nKlimaschmutz!<\/p>\n\n\n\n<p>Das Klima bei der FIFA ist\n\u00e4hnlich belastet. Jetzt will der Infantilo eine Club-WM mit Macht durchboxen.\nDie ganze europ\u00e4ische Elite ist dagegen und k\u00fcndigt Widerstand an. Au\u00dfer, ja,\nau\u00dfer dem FCB. Hier z\u00e4hlt nur die Raffgier! La Ola!<\/p>\n\n\n\n<p>Ach\nja, wir gratulieren der Fu\u00dfballnationalmannschaft zum neuen PS-starken Bus.\nEcht abgefahren! M\u00f6ge die Kraft mit ihnen sein! <\/p>\n\n\n\n<p>Wenn\u00b4s\num die Wurst geht: Julia, die erste Kl\u00f6cknerin in einem Ministeramt.<\/p>\n\n\n\n<p>Wir\ngratulieren zum 80er! Peter Kraus \u2013 und er wird immer noch mit Schl\u00fcpfern\nbeworfen, anstelle altersgerecht mit Pampers.<\/p>\n\n\n\n<p>Die\nHorror-Nach-Richten nehmen kein Ende. Erst trennt sich die musikalische Rache\nPutins von ihrem Silberfangeisen, und jetzt noch Thomas von Thea Gottschalk. Villa\nverbrannt, Liebe erloschen. Wetten, dass sie Freunde bleiben werden?! <\/p>\n\n\n\n<p>Da\nwir gerade bei Horrornachrichten sind, Heidi lanciert ein gro\u00dfes Geheimnis in\nden asozialen Medien, dass sie wom\u00f6glich wieder schwanger ist. Der neue\nDeckhengst macht`s m\u00f6glich. Pssst, nicht weitersagen!<\/p>\n\n\n\n<p>Keine\nNachwuchssorgen bei der CSU. Habe dieser Tage ein Interview mit dem neuen Vorsitzenden\nder JU-Bayern, Tilman Kuban, gesehen. Gratulation! Die Dobrindts, Scheuers,\nSeehofers, S\u00f6ders, M\u00fcllers, etc. sterben nicht aus. Wem es vor rein ganz nichts\nmehr graut, der kann sich seine Argumente zur Rente antuen. Aber Vorsicht:\nAkute Brechreizgefahr!<\/p>\n\n\n\n<p>Das\nmeistgenannte Wort im Monat M\u00e4rz: May!<\/p>\n\n\n\n<p>Die\nZahl des Monats: 200 Harald Gl\u00f6\u00f6ckler besitzt 200 Per\u00fccken!<\/p>\n\n\n\n<p>Am\n20.03. \u00fcberschlagen sich die Ereignisse. Welttag des Gl\u00fccks (dazu empfehle ich\nunbedingt meinen Erguss zu Thema Gl\u00fcck zu lesen: So ein Gl\u00fcck aber auch!)\nSo,&nbsp; dann gratulieren wir der kleinen\nRaupe Nimmersatt zum 50ten Geburtstag! AKK ist 100 Tage im Amt! Es ist Fr\u00fchlingsanfang\nund die Sonne scheint. Wer genau hinh\u00f6rt, h\u00f6rt die Eisbuden rufen!<\/p>\n\n\n\n<p>Und,\nfast h\u00e4tte ich es \u00fcbersehen \u2013 die Winzer jammern! Zu wenige Flaschen f\u00fcr die\n2018er Ernte. Man sollte die Flaschen eben subventionieren.<\/p>\n\n\n\n<p>Impfpflicht, z.B. gegen\nMasern? Stellung dazu nahm Kordula Schulz-Asche von den Gr\u00fcnen. Offensichtlich\nwar ihre Gehirnzelle noch im Stand By. Steh mir bei, denn was die Dame von sich\ngab, das konnte selbst die Moderatorin Dunja Hayali nur mit M\u00fche in eine\nhalbwegs logische Ordnung bringen. Ich schlage auch hier einen treffenderen\nNamen vor: Nicht Kordula Schulz-Asche sondern Schutt+Asche!<\/p>\n\n\n\n<p>Nichts Neues aus dem\nVerkehrtministerium. Der Bremser vor dem Herrn bedient sich jetzt sogar dem\nABS: A.ndreas B.S.cheuert in Vollendung!<\/p>\n\n\n\n<p>29.03.: Brexnix<\/p>\n\n\n\n<p>30.03.: Die\nBundesligavereine m\u00fcssen sich an den Kosten f\u00fcr Polizeieins\u00e4tze beteiligen! Ja\nklar! Warum aber nur beteiligen? Alles m\u00fcssten sie bezahlen, incl. der\nFlursch\u00e4den und des Vandalismus! Dann k\u00fcrzen sie den Pappnasen eben ein paar\nEuro. Die verdienen \/ bekommen ohnehin viel Zuviel!<\/p>\n\n\n\n<p>Wenn ihr diesen Kommentar\ngelesen habt, werdet ihr verstehen, dass ich all meine Reisepl\u00e4ne ins Land des Atat\u00fcrks\nvorerst auf Eis gelegt habe. Da hat doch glatt der Sch\u00f6ssling Erdogans, Mezut\n\u00d6zil, den Selbigen zu seiner Hochzeit h\u00f6chst pers\u00f6nlich eingeladen. Stellt euch\nmal vor, ich w\u00fcrde Mutti oder gar Andrea Banahles zu meiner Hochzeit einladen!\nUnd als Brautjungfern die Schwestern der Ordensgemeinschaft der G\u00f6ttlichen\nVorsehung. Wenn sie denn noch Jungfrauen sind! Da wei\u00df man ja nie, was ihre Br\u00fcder\nso angestellt haben. Jetzt kommen wir zum Kern. Als ich oben schrieb: \u2026Sch\u00f6ssling\nErdogans\u2026, da fiel mir spontan, wie ich nun mal bin, auf, dass ich den Begriff\n\u201eErdogans\u201c prima strapazieren kann. \u201eErdo-Gans\u201c, der Erpel vom Bosporus. Ach\nwie ich diese Wortspiele liebe!!!<\/p>\n\n\n\n<p>Kommt scherzfrei in den\nApril!<\/p>\n","protected":false},"excerpt":{"rendered":"<p>Mein Satz des Monats zur weltpolitischen Lage: Wermut statt Wehmut. Habe ich etwas verpasst? Die Restauration der GrochFock kostet uns Steueropfer anstelle von 9,6 stolze 135 Millionen. Und wer wird zur Rechenschaft gezogen? Bleibt mir das legend\u00e4re ostwestf\u00e4lische Sprichwort: \u201eWhat happen, when the ship goes under?\u201c Oder: \u201eNur Fliegen ist sch\u00f6ner\u201c Scherz! Jetzt geht\u2019s aber [&hellip;]<\/p>\n","protected":false},"author":1,"featured_media":0,"comment_status":"open","ping_status":"open","sticky":false,"template":"","format":"standard","meta":{"footnotes":""},"categories":[56],"tags":[],"class_list":["post-507","post","type-post","status-publish","format-standard","hentry","category-c-gesellschaft","post-preview"],"_links":{"self":[{"href":"https:\/\/armins-nach-richten.de\/index.php?rest_route=\/wp\/v2\/posts\/507","targetHints":{"allow":["GET"]}}],"collection":[{"href":"https:\/\/armins-nach-richten.de\/index.php?rest_route=\/wp\/v2\/posts"}],"about":[{"href":"https:\/\/armins-nach-richten.de\/index.php?rest_route=\/wp\/v2\/types\/post"}],"author":[{"embeddable":true,"href":"https:\/\/armins-nach-richten.de\/index.php?rest_route=\/wp\/v2\/users\/1"}],"replies":[{"embeddable":true,"href":"https:\/\/armins-nach-richten.de\/index.php?rest_route=%2Fwp%2Fv2%2Fcomments&post=507"}],"version-history":[{"count":1,"href":"https:\/\/armins-nach-richten.de\/index.php?rest_route=\/wp\/v2\/posts\/507\/revisions"}],"predecessor-version":[{"id":508,"href":"https:\/\/armins-nach-richten.de\/index.php?rest_route=\/wp\/v2\/posts\/507\/revisions\/508"}],"wp:attachment":[{"href":"https:\/\/armins-nach-richten.de\/index.php?rest_route=%2Fwp%2Fv2%2Fmedia&parent=507"}],"wp:term":[{"taxonomy":"category","embeddable":true,"href":"https:\/\/armins-nach-richten.de\/index.php?rest_route=%2Fwp%2Fv2%2Fcategories&post=507"},{"taxonomy":"post_tag","embeddable":true,"href":"https:\/\/armins-nach-richten.de\/index.php?rest_route=%2Fwp%2Fv2%2Ftags&post=507"}],"curies":[{"name":"wp","href":"https:\/\/api.w.org\/{rel}","templated":true}]}}