{"id":1004,"date":"2025-11-01T11:32:37","date_gmt":"2025-11-01T10:32:37","guid":{"rendered":"https:\/\/armins-nach-richten.de\/?p=1004"},"modified":"2025-11-01T11:32:37","modified_gmt":"2025-11-01T10:32:37","slug":"mrb-oktober-2025","status":"publish","type":"post","link":"https:\/\/armins-nach-richten.de\/?p=1004","title":{"rendered":"MRB Oktober 2025"},"content":{"rendered":"<p>In nur zwei Tagen, das seit langem angek\u00fcndigte Staatsreform-Paket! Ok, die Reformen sind seit Jahren bekannt und \u00fcberf\u00e4llig, aber immerhin! Jetzt bin ich nur gespannt, wann sie denn angewendet werden. Abbau der B\u00fcrokratie und Aufbau der Digitalisierung \u2013 dazu hatte das Dorle B\u00e4r doch jahrelang Gelegenheit und Zeit! Ohne jede erkennbare Entwicklung. Und jetzt machen sie die B\u00f6cking auch noch zur G\u00e4rtnerin. So brachial kann der Proporz mit der \u00c4mtervergabe in die Hose gehen! Und, es bleibt die Frage: wohin mit den ganzen B\u00fcrokraten, wenn die Vorhaben wirklich einen Effekt erzielen sollten? Bleiben wir optimistisch!<\/p>\n<p>Als Markus S\u00f6der 2018 bayrischer Ministerpr\u00e4sident wurde, hat er sich daf\u00fcr ausgesprochen, dass Amtszeiten generell auf 10 Jahre begrenzt werden sollten. Ergo m\u00fcssen wir nur noch gut 2 Jahre ausharren und \u00fcberstehen!<\/p>\n<p>Vegane Wurst darf nicht mehr Vegane Wurst hei\u00dfen. Und Schnitzel auch nicht. Jaja, daf\u00fcr verbrutzeln wir Zeit und Geld! Und auch die Geduld bekommt einen faden Beigeschmack! Schweinepriester hingegen sind selig! Alle Wienerle, Frankfurter und Th\u00fcringer jubeln in ihren D\u00e4rmen und die Hamburger trotzen der veganen Flut!<\/p>\n<p>Beschleunigtes Einb\u00fcrgerungsverfahren soll wieder r\u00fcckg\u00e4ngig gemacht werden. Immerhin haben davon stolze 165 Personen profitiert. Diese Zeit- und Verschwendung von Steuergeldern macht mir ernsthaft Sorgen. Wir m\u00fcssen aufpassen, dass die Schwarz \/ Roten nicht die AfD rechts und rechtens \u00fcberholt!<\/p>\n<p>Zuzahlung f\u00fcr Medikamente. Kranksein wird also noch einmal ungesunder. Wie w\u00e4re es, wenn man die unsinnige Anzahl von Krankenkassen um 80% reduzieren w\u00fcrde?<\/p>\n<p>Dass der Verbrecher Netanjahu vor dem selbst inszenierten Sch-Erzengel zu Kreuze kriecht, das gleicht einem Wunder. Ist ihm ein Schl\u00f6sschen am Gaza Beach in Aussicht gestellt worden, anstelle einer geschlossenen Zelle in Den Haag!? Und dramaturgisch perfekt schwebt der Friedensengel zeitgleich mit der Freilassung der Geiseln ein. Jetzt kann der t(r)umpdreiste Gr\u00f6\u00dfenwahnsinnige ganz sicher auch seinen pers\u00f6nlichen Opferstock f\u00fcllen!<\/p>\n<p>Die sch\u00f6nste Nachricht, seit das Trumpeltier an der Macht ist: dem selbstherrlichen selbstinszenierten Friedensengel sind in Oslo die Fl\u00fcgel gestutzt worden. Man kann, Gott sei Dank, doch nicht alles kaufen. Dieser Deal ist in die Hosen gegangen. Obwohl ja alles soooo perfekt eingef\u00e4delt worden ist.<\/p>\n<p>Das perfekte Perpetuum Mobile! Erst liefern wir den Israelis Waffen zur Vernichtung der Hamas. Und dann leisten wir einen ordentlichen Anteil, um Gaza Beach f\u00fcr den Wahnsinnigen aus dem Land der begrenzten M\u00f6glichkeiten aufzubauen.<\/p>\n<p>Der amerikanische Pr\u00e4sident (D.T.) kann sogar die Wahrheit sagen! Auf dem Flug nach Israel, zur Beweihr\u00e4ucherung, prophezeite der Friedensengel: \u201eWa(h)r is over!\u201c<\/p>\n<p>Die zwei gro\u00dfen Ziele von D.T. im Nahostkonflikt sind: 1. Den Friedensnobelpreis zu erhalten. Da ist der Friedensengel ja nun krachend abgest\u00fcrzt. Jetzt kann er sich auf das Wesentliche konzentrieren, das Gesch\u00e4ftliche: 2. Die Privaten Kasse f\u00fcllen! In Schwaben spricht man vom \u201eGeschm\u00e4ckle\u201c, ich eher von \u201efadem Beigeschmack\u201c!<\/p>\n<p>Ist euch auch schon aufgefallen, dass die Frequenz der gesprochenen Worte bei Reportern, Moderatoren, besonders bei *innen, immer schneller wird? Die genetischen Voraussetzungen \u00fcberwiegen hier zweifelsfrei im feminin humanen Strang. \u00a0Wobei ich leichte Geschwindigkeitsvorteile SpS (Silben pro Sekunde) bei den Damen des ZDF ausgemacht habe. Das liegt an der Atemtechnik! Ich bin sicher, dass sie in absehbarer Zukunft gar nicht mehr atmen m\u00fcssen! Als erwiesener Langsamh\u00f6rer entgeht mir dadurch die H\u00e4lfte der Botschaften. Dies hat allerdings bisher noch kein signifikantes, bleibendes Informationsdefizit ergeben. Sorgen mache ich mir allerdings, dass die Dauer der Nichtatmung und damit eine ausreichende Versorgung des Gehirns mit Sauerstoff, bleibende, neurale Sch\u00e4den mit sich bringen wird.<\/p>\n<p>Habt ihr die Trumpeltier-Inszenierung in der Knesset verfolgt? Das war an erb\u00e4rmlicher Peinlichkeit nicht mehr zu \u00fcberbieten! Ich k\u00f6nnte nur noch kotzen!<\/p>\n<p>Mal etwas ganz anderes. Eine rein medizinisch-physikalische Frage qu\u00e4lt mich. Wie gro\u00df muss ein Arschloch sein, damit viel Scheisse darin Platz hat?<\/p>\n<p>Da halte ich es lieber mit dem gro\u00dfen Jedi-Meister Yoda aus \u201eKrieg der Sterne\u201c: Gr\u00f6\u00dfe nicht alles ist. Die kleinen Truppen wir sind, daf\u00fcr gr\u00f6\u00dfer im Geiste!\u201c<\/p>\n<p>Bundeswehr, ohne Los nichts los. Was f\u00fcr ein genialer Kom(prom)iss! Noch nicht fest steht, wer bei dieser Prozedur die Niete gezogen hat. Ein beeindruckendes Beispiel daf\u00fcr, wie realit\u00e4tsfern unsere Damen und Herren Volksvertreter sind. Man sollte \u00fcber den Einsatz von KI (K\u00fcnstliche Intelligenz) nachdenken oder besser \u00fcber NB (nat\u00fcrliche Bl\u00f6dheit)!<\/p>\n<p>Leute, setzt euch bitte einmal entspannt zur\u00fcck und \u00fcberlegt euch ganz genau, ob ihr diese geniale Idee nicht unterst\u00fctzen solltet. Ob ich mir diesen Geistesblitz patentieren lasse, werde ich nach dem Krautfinding (zu deutsch: Crowdfunding) entscheiden. Also, hier meine Idee: ich m\u00f6chte die \u201eF\u00fcnf Buchstaben\u201c des D.T. einbalsamieren lassen. Sie sollen als Matrix dienen f\u00fcr einen Fahrradst\u00e4nder. Achtung: Kopfkino! Bei den aberzehntausenden Radfahrern allein in den USA muss das doch ein absoluter Renner werden! Oder? Soweit, so gut. Aber was ich mit den ganzen \u00fcberfl\u00fcssigen Darmfloristen anfange, die sich dorten dr\u00e4ngeln, das muss ich mir noch genau \u00fcberlegen. Habt ihr vielleicht eine z\u00fcndende Idee? Irgendein humanes, biologisch-politisch abbaubares Schmiermittel lie\u00dfen ich doch sicher damit herstellen.<\/p>\n<p>Mir graut vor der Zeit, wenn so Typen wie Philip Amthor oder Carsten Linnemann mal in Amt und W\u00fcrgen kommen. Oder wenn die Degeneration von Kids, die ohne Unterlass ins Handy glotzen, uns einmal regieren oder unsere Wirtschaft managen sollen.<\/p>\n<p>Heute m\u00f6chte ich zu Beginn einmal nicht nach-richten, sondern unter-richten: deshalb mach\u2019 ich jetzt aber mal einen Punkt. Ist euch eigentlich schon einmal aufgefallen, dass es eine Korrelation zwischen Politik und P\u00e4dagogik gibt? Jaja, je schlechter die Leistungen beim Lesen und Schreiben und Rechnen, desto mehr machen ihr Kreuzchen auf dem Wahlzettel bei den einfachstrukturierten, bildungsfernen Schichten! Das ist doch wahrlich ein Kreuz! Hoffentlich erlangt die Dummheit nie eine Mehrheit!<\/p>\n<p>Tolle Idee! Damit der F\u00fchrerschein g\u00fcnstiger wird, sollen bestimmte Dinge abgeschafft oder reduziert werden. Da h\u00e4tte ich noch einen weiteren, weitreichenderen Vorschlag: Schafft die ganzen \u00fcberfl\u00fcssigen Verkehrsschilder ab. Da gibt es genug Potential. Dann brauchen die Fahrsch\u00fcler auch nicht mehr so viel lernen!<\/p>\n<p>Guten Morgen Amerika! Die Demokratie ist erwacht! Kann ein sch\u00f6ner Tag werden!<\/p>\n<p>Bei allem Irrsinn auf dieser Welt, es geht immer nur um die pers\u00f6nliche Bereicherung Einzelner und einzelner Familien! USA, Israel, Ungarn und in welche populistischen Krisenherd in der Welt man auch schaut.<\/p>\n<p>Tja, und dann schw.\/rot. Viel besser als der Stuhlkreis der Ampel ist die Koalition aber auch nicht wirklich. Danken wir Max Frisch f\u00fcr seine Erkenntnis: \u201eKriese ist ein produktiver Zustand. Man muss ihr nur den Beigeschmack der Katastrophe nehmen!\u201c<\/p>\n<p>Muss unser Kanzler seinen Zweitjob als Stadtreiniger eigentlich anmelden? Mit zus\u00e4tzlicher Migranten-Steuer-Karte? Ein echter Feger, der Friede-rich!<\/p>\n<p>Auch Dank unseres Martin Herrenknecht schaffen es die Schwanauer Amts-, W\u00fcrden- und Bedenkentr\u00e4ger immer wieder, sich zum Gesp\u00f6tt des ganzen Landes zu machen. Jede Comedy w\u00fcrde diese Aktionen als zu \u00fcbertrieben abtun. Aber die wahren Geschichten schreibt nicht nur der Nach-Richter, sondern das wahre Leben!<\/p>\n<p>Sankt(ionen) Donald, der selbsternannte Friedensengel will seine segensbringenden Atombomben wieder testen. Wenn er doch selbst in den Himmel starten w\u00fcrde!<\/p>\n","protected":false},"excerpt":{"rendered":"<p>In nur zwei Tagen, das seit langem angek\u00fcndigte Staatsreform-Paket! Ok, die Reformen sind seit Jahren bekannt und \u00fcberf\u00e4llig, aber immerhin! Jetzt bin ich nur gespannt, wann sie denn angewendet werden. Abbau der B\u00fcrokratie und Aufbau der Digitalisierung \u2013 dazu hatte das Dorle B\u00e4r doch jahrelang Gelegenheit und Zeit! Ohne jede erkennbare Entwicklung. Und jetzt machen [&hellip;]<\/p>\n","protected":false},"author":1,"featured_media":0,"comment_status":"open","ping_status":"open","sticky":false,"template":"","format":"standard","meta":{"footnotes":""},"categories":[56],"tags":[],"class_list":["post-1004","post","type-post","status-publish","format-standard","hentry","category-c-gesellschaft","post-preview"],"_links":{"self":[{"href":"https:\/\/armins-nach-richten.de\/index.php?rest_route=\/wp\/v2\/posts\/1004","targetHints":{"allow":["GET"]}}],"collection":[{"href":"https:\/\/armins-nach-richten.de\/index.php?rest_route=\/wp\/v2\/posts"}],"about":[{"href":"https:\/\/armins-nach-richten.de\/index.php?rest_route=\/wp\/v2\/types\/post"}],"author":[{"embeddable":true,"href":"https:\/\/armins-nach-richten.de\/index.php?rest_route=\/wp\/v2\/users\/1"}],"replies":[{"embeddable":true,"href":"https:\/\/armins-nach-richten.de\/index.php?rest_route=%2Fwp%2Fv2%2Fcomments&post=1004"}],"version-history":[{"count":1,"href":"https:\/\/armins-nach-richten.de\/index.php?rest_route=\/wp\/v2\/posts\/1004\/revisions"}],"predecessor-version":[{"id":1005,"href":"https:\/\/armins-nach-richten.de\/index.php?rest_route=\/wp\/v2\/posts\/1004\/revisions\/1005"}],"wp:attachment":[{"href":"https:\/\/armins-nach-richten.de\/index.php?rest_route=%2Fwp%2Fv2%2Fmedia&parent=1004"}],"wp:term":[{"taxonomy":"category","embeddable":true,"href":"https:\/\/armins-nach-richten.de\/index.php?rest_route=%2Fwp%2Fv2%2Fcategories&post=1004"},{"taxonomy":"post_tag","embeddable":true,"href":"https:\/\/armins-nach-richten.de\/index.php?rest_route=%2Fwp%2Fv2%2Ftags&post=1004"}],"curies":[{"name":"wp","href":"https:\/\/api.w.org\/{rel}","templated":true}]}}