{"id":749,"date":"2022-03-02T16:26:35","date_gmt":"2022-03-02T15:26:35","guid":{"rendered":"http:\/\/armins-nach-richten.de\/?p=749"},"modified":"2022-03-02T16:26:35","modified_gmt":"2022-03-02T15:26:35","slug":"mrb-februar-2022","status":"publish","type":"post","link":"http:\/\/armins-nach-richten.de\/?p=749","title":{"rendered":"MRB Februar 2022"},"content":{"rendered":"\n<p>02.02.2022: Was f\u00fcr ein Schnapszahldatum! Das wird nur noch vom 22.02.2022 \u00fcbertroffen. Aber warum heiraten eigentlich so viele Paare an solchen Daten, wo sie doch genau wissen, dass, statistisch gesehen, die Scheidungsrate \u00fcberproportional hoch ist? Nur, damit ER den Hochzeitstag nicht so schnell vergisst? Ich hingegen halte es da eher mit dem Sprichwort: Was du heute kannst entkorken, das verschiebe nicht auf morgen! Ob sich dies potentiell belebend auf die H\u00f6hepunkte der Hochzeitsnacht auswirkt, bleibt sittsam im Nebul\u00f6sen oder schamvoll unter der Bettdecke verborgen.<\/p>\n\n\n\n<p>Wir feiern diverse Halbesjahrhundert-Geburtstage. Zum Beispiel den des ersten Taschenrechners und vom Bobby Car, der nervenaufreibenden H\u00f6llenmaschine, auf denen Kleinkinder eine wahre Apokalypse an M\u00f6belst\u00fccken und B\u00f6den anrichten.<\/p>\n\n\n\n<p>Auf der st\u00e4ndigen Suche nach Gendergerechtigkeit ist mir klar geworden, dass es auch folgenschwere negative Auswirkungen mit sich bringt. N\u00e4mlich: Durch das *innen Anh\u00e4ngsel oder die separate Aufz\u00e4hlung humanoider Berufsbezeichnungen, werden Texte im Druck und Gerede l\u00e4nger. Das bedeutet, eine Verschwendung von Ressourcen in Form von Papier und Zeit! Wo soll das alles noch hinf\u00fchren?<\/p>\n\n\n\n<p>Olympia beginnt und die Moral endet. Wenn dieser Thomas Bach an seine Argumente, seine Botschaft ernsthaft glaubt, dann geh\u00f6rt er in die Klapse! Und wenn nicht, in den Knast! Und dann w\u00e4re da noch die brutale Strafe des IOC gegen die systematischen Betr\u00fcger, die Staatsdoper Russland. Stellt euch vor, die d\u00fcrfen nicht unter \u201eRussland\u201c starten und m\u00fcssen jetzt unter \u201eROC\u201c (Russisch olymisches Comite)&nbsp; Eine Schande!&nbsp;&nbsp;&nbsp;&nbsp;&nbsp;&nbsp;&nbsp;&nbsp;&nbsp;&nbsp;&nbsp;&nbsp;&nbsp;&nbsp;&nbsp;&nbsp;&nbsp;&nbsp;&nbsp;&nbsp;&nbsp;&nbsp;&nbsp;&nbsp;&nbsp;&nbsp;&nbsp;&nbsp;&nbsp;&nbsp;&nbsp;&nbsp;&nbsp;&nbsp;&nbsp;&nbsp;&nbsp;&nbsp;&nbsp;&nbsp;&nbsp;&nbsp;&nbsp;&nbsp;&nbsp;&nbsp;&nbsp;&nbsp;&nbsp;&nbsp;&nbsp;&nbsp;&nbsp;&nbsp;&nbsp;&nbsp;&nbsp;&nbsp;&nbsp;&nbsp;&nbsp;&nbsp;&nbsp;&nbsp;&nbsp;&nbsp;&nbsp;&nbsp;&nbsp;&nbsp;&nbsp;&nbsp;&nbsp;&nbsp;&nbsp;&nbsp;&nbsp;&nbsp;&nbsp;&nbsp;&nbsp;&nbsp;&nbsp;&nbsp;&nbsp;&nbsp;&nbsp;&nbsp;&nbsp;&nbsp;&nbsp;&nbsp;&nbsp;&nbsp;&nbsp;&nbsp;&nbsp;&nbsp;&nbsp; Nachtrag aus aktuellem Anlass: Und sie dopen munter weiter, ohne auch nur den Hauch einer Strafe bef\u00fcrchten zu m\u00fcssen.&nbsp; Hier wird der Sport mit Kufen getreten!&nbsp;&nbsp;&nbsp;&nbsp;&nbsp;&nbsp;&nbsp;&nbsp;&nbsp;&nbsp;&nbsp;&nbsp;&nbsp;&nbsp;&nbsp;&nbsp;&nbsp;&nbsp;&nbsp;&nbsp;&nbsp;&nbsp;&nbsp;&nbsp;&nbsp;&nbsp;&nbsp;&nbsp;&nbsp;&nbsp;&nbsp;&nbsp;&nbsp;&nbsp;&nbsp;&nbsp;&nbsp;&nbsp;&nbsp;&nbsp;&nbsp;&nbsp;&nbsp;&nbsp;&nbsp;&nbsp;&nbsp;&nbsp;&nbsp;&nbsp;&nbsp;&nbsp;&nbsp;&nbsp;&nbsp;&nbsp;&nbsp;&nbsp;&nbsp;&nbsp;&nbsp;&nbsp;&nbsp;&nbsp;&nbsp;&nbsp;&nbsp;&nbsp;&nbsp;&nbsp;&nbsp;&nbsp;&nbsp;&nbsp;&nbsp;&nbsp;&nbsp;&nbsp;&nbsp;&nbsp;&nbsp;&nbsp;&nbsp;&nbsp;&nbsp;&nbsp;&nbsp;&nbsp;&nbsp;&nbsp;&nbsp;&nbsp;&nbsp;<\/p>\n\n\n\n<p>Fr\u00fcher, fr\u00fcher h\u00e4tte man sich den Ball einfach geschnappt, auf den Elfmeterpunkt gelegt, w\u00e4re angelaufen und h\u00e4tte das Ding reingeknallt. Heute \u00e4hnelt der Anlauf eher dem Balztanz eines Auerhahns. Tja, die Elfmetersch\u00fctzen sind schon seltsame Paradiesv\u00f6gel!<\/p>\n\n\n\n<p>Es muss einmal gesagt werden \u2013 es ist doch eine Selbstverst\u00e4ndlichkeit, dass ich absolut CO2-neutral schreibe! Mein \u00f6kologischer Fu\u00dfabdruck ist im Normalfall 42, bei Sportschuhen auch mal 42,5.<\/p>\n\n\n\n<p>06.01.: Da hockt sie nun seit 70 Jahren auf dem Thron &#8211; Themse-Elli. Und man muss ihr attestieren, dass sie den Job als Queen, immer schmuck gekleidet, ganz ordentlich gemacht hat. Unbeeindruckt aller Eskapaden ihrer Reproduktionen.<\/p>\n\n\n\n<p>An alle Spazierg\u00e4nger*innen: Demo kommt nicht von Demokratie!<\/p>\n\n\n\n<p>Wie d\u00e4mlich doch die Spazierg\u00e4nger und die anderen Blendgranaten sind, beweist das Resultat ihrer Irrl\u00e4ufe. Sie haben durch ihre Impf-Verweigerung erreicht, dass es jetzt die Impfpflicht gibt. Das nennt man dann wohl Kontraproduktiv!<\/p>\n\n\n\n<p>Die internationale Diplomatie dreht am Rad. Die Russen marschieren an der ukrainischen Grenze auf. Wesentlich bedrohlicher allerdings ist Putins Plan, das deutsche Volk zu verbl\u00f6den! Er annektiert die Gehirne der B\u00fcrger mit einem Virus der besonders nachhaltigen Art: Helene Fischer! Die Rache Putins!<\/p>\n\n\n\n<p>Auf der beherzten Suche nach Gendergerechtigkeit, muss ich mich heute einmal mit fremden Federn schm\u00fccken. Aber das ist es auch absolut wert! Nachdem man in Zeiten r\u00fccksichtsloser Missachtung des weiblichen Geschlechts z.B. in Anzeigen zun\u00e4chst das W zum M etabliert hatte, brausten die Diskussionen um weitere Ber\u00fccksichtigungen auf. Schlie\u00dflich einigte man sich auf m\/w\/d. Das D steht f\u00fcr Divers. Aus dem Englischen \u00fcbersetzt, Divers = Taucher. So sucht man denn z.B. in allen Stellenanzeigen Mitarbeiter*innen (m\/w\/d) eben Taucher. M\u00fcsste es nicht konsequent sogar Taucher*innen hei\u00dfen? Langsam wei\u00df ich mir keinen Rat mehr!<\/p>\n\n\n\n<p>Themseelli muss ihre k\u00f6nigliche Schatulle pl\u00fcndern, um ihre Lieblingsreproduktion freizukaufen. Hier wird die Bezeichnung \u201ek\u00e4ufliche Liebe\u201c Realit\u00e4t.<\/p>\n\n\n\n<p>Der Sturm hat mich vor die Glotze geblasen. Olympia. Und, was soll ich sagen, ein absolutes worst case Erlebnis. Der Eiskunstlauf der Damen, oder soll ich besser Kinder sagen? Die Grazien hopsen nach Musik, die einen in den Suizid treibt. Was m\u00fcssen die M\u00e4dels leiden, die dies \u00fcber Stunden t\u00e4glich im Training erdulden m\u00fcssen? Doch damit nicht genug. Auch noch Katharina Witt als Kommentator*in, die schneller spricht, als es die Kufen hergeben. Ich bewundere ihre Atemtechnik! Und dann noch, zu allem \u00dcberfluss, die Erkennungsmelodie der ARD = das Gejammer von Helene Fischer: \u201cJetzt oder nie\u201c!<\/p>\n\n\n\n<p>24.02.: L\u00fcgen, betr\u00fcgen, manipulieren, dopen, entf\u00fchren, foltern, morden, angreifen und zerst\u00f6ren \u2013 und in unserem Land w\u00e4hlen sie die AfD. Damit ist alles gesagt!<\/p>\n\n\n\n<p>27.02.: Exakt vor einer Woche endeten die Olympischen Spiele. Und, mal Hand aufs Herz, wer kann noch fehlerfrei unser Dutzend Goldm\u00e4dels und \u2013buben aufz\u00e4hlen? Oder noch besser die Silber \u2013 und Bronzegewinner? Wie erschreckend kurz ist doch die Halbwertszeit selbst bei solchen Spitzenleistungen!<\/p>\n\n\n\n<p>Auf der Suche nach absoluter Gendergerechtigkeit habe ich mir, eher zuf\u00e4llig, die Frage gestellt: \u201eGilt der Gerechtigkeitswahn auch f\u00fcr Schimpfworte?\u201c Um euch an meinen Gedankeng\u00e4ngen teilhaben zu lassen, hier folgendes Beispiel: Was ist mit dem ugs. Bullen? M\u00fcsste es dann nicht konsequent Bulle*in hei\u00dfen?!<\/p>\n\n\n\n<p>Verstehe einer diese Welt. Da l\u00fcgt der Papst, vergewaltigen Priester ihre Sch\u00e4fchen, Emanuel Macron will mit Putin ein offenes, \u201eehrliches\u201c Gespr\u00e4ch gef\u00fchrt haben und jetzt nehmen Polen auch noch freiwillig Fl\u00fcchtlinge auf.<\/p>\n\n\n\n<p>Alle fallen \u00fcber unsere desolate Bundeswehr her. Aber mal ehrlich, hatte jemals jemand daran gedacht, dass es in Europa noch einmal Krieg gibt? Au\u00dferdem, wenn Flinten Uschi und Konsorten nicht hunderte von Millionen an Vetterles-Berater verschwendet h\u00e4tten\u2026\u2026..<\/p>\n\n\n\n<p>Von ganzem Herzen w\u00fcnsche ich mir, dass diese Kriegstreiber so schnell wie m\u00f6glich vor ein ordentliches Gericht gezerrt werden. Die sch\u00f6nste H\u00f6chststrafte w\u00e4re lebenslange Einzelhaft, mit Dauerbeschallung von Helene Fischer!<\/p>\n\n\n\n<p>Der gute Rat zum Monatsende: Wer l\u00fcgt, der sollte ein gutes Ged\u00e4chtnis haben!<\/p>\n","protected":false},"excerpt":{"rendered":"<p>02.02.2022: Was f\u00fcr ein Schnapszahldatum! Das wird nur noch vom 22.02.2022 \u00fcbertroffen. Aber warum heiraten eigentlich so viele Paare an solchen Daten, wo sie doch genau wissen, dass, statistisch gesehen, die Scheidungsrate \u00fcberproportional hoch ist? Nur, damit ER den Hochzeitstag nicht so schnell vergisst? Ich hingegen halte es da eher mit dem Sprichwort: Was du [&hellip;]<\/p>\n","protected":false},"author":1,"featured_media":0,"comment_status":"open","ping_status":"open","sticky":false,"template":"","format":"standard","meta":{"footnotes":""},"categories":[56],"tags":[],"class_list":["post-749","post","type-post","status-publish","format-standard","hentry","category-c-gesellschaft","post-preview"],"_links":{"self":[{"href":"http:\/\/armins-nach-richten.de\/index.php?rest_route=\/wp\/v2\/posts\/749","targetHints":{"allow":["GET"]}}],"collection":[{"href":"http:\/\/armins-nach-richten.de\/index.php?rest_route=\/wp\/v2\/posts"}],"about":[{"href":"http:\/\/armins-nach-richten.de\/index.php?rest_route=\/wp\/v2\/types\/post"}],"author":[{"embeddable":true,"href":"http:\/\/armins-nach-richten.de\/index.php?rest_route=\/wp\/v2\/users\/1"}],"replies":[{"embeddable":true,"href":"http:\/\/armins-nach-richten.de\/index.php?rest_route=%2Fwp%2Fv2%2Fcomments&post=749"}],"version-history":[{"count":1,"href":"http:\/\/armins-nach-richten.de\/index.php?rest_route=\/wp\/v2\/posts\/749\/revisions"}],"predecessor-version":[{"id":750,"href":"http:\/\/armins-nach-richten.de\/index.php?rest_route=\/wp\/v2\/posts\/749\/revisions\/750"}],"wp:attachment":[{"href":"http:\/\/armins-nach-richten.de\/index.php?rest_route=%2Fwp%2Fv2%2Fmedia&parent=749"}],"wp:term":[{"taxonomy":"category","embeddable":true,"href":"http:\/\/armins-nach-richten.de\/index.php?rest_route=%2Fwp%2Fv2%2Fcategories&post=749"},{"taxonomy":"post_tag","embeddable":true,"href":"http:\/\/armins-nach-richten.de\/index.php?rest_route=%2Fwp%2Fv2%2Ftags&post=749"}],"curies":[{"name":"wp","href":"https:\/\/api.w.org\/{rel}","templated":true}]}}