{"id":711,"date":"2021-08-10T13:23:45","date_gmt":"2021-08-10T11:23:45","guid":{"rendered":"http:\/\/armins-nach-richten.de\/?p=711"},"modified":"2021-08-10T13:23:45","modified_gmt":"2021-08-10T11:23:45","slug":"mrb-juli-2021","status":"publish","type":"post","link":"http:\/\/armins-nach-richten.de\/?p=711","title":{"rendered":"MRB Juli 2021"},"content":{"rendered":"\n<p>Wenn einer von euch reklamiert, dass ich mich auf die CSU eingeschossen h\u00e4tte, dann hat er Recht! Aber sie liefern ja auch nahezu t\u00e4glich Gr\u00fcnde zum Meckern! So z.B. Vollhorst, der alte Schweren\u00f6ter, vor ein paar Wochen erst forderte er vehement, dass doch wieder Zuschauer in die Stadien kommen sollten d\u00fcrfen. Heute, am 01.07. legt Vollhorst mit Vollgas einen perfekten U-Turn hin. Es sei unverantwortlich\u2026<\/p>\n\n\n\n<p>Mea culpa, maxima culpa! Es muss einmal gesagt werden: \u201eMan kritisiert nur Sachen, die einem am Herzen liegen!\u201c So ein mir v\u00f6llig unbekannter Philosoph.&nbsp; Und so ist es grunds\u00e4tzlich mit Bayern. Allerdings sind die CSU-Granden und der FCB von dieser Herzensangelegenheit nachhaltig ausgeschlossen!<\/p>\n\n\n\n<p>Warum d\u00fcrfen Bundesligaschiris nur bis zum 47 Lebensjahr pfeifen? Kann mir das jemand von euch beantworten? Warum mit 47? Weil die Quersumme eine Priemzahl ist? Oder die H\u00e4lfte des Durchschnittsalters der Funktion\u00e4re? Oder, weil 11 Kicker und die 47 von 4711 gesponsert wird?&nbsp; Oder einfach reine Willk\u00fcr?<\/p>\n\n\n\n<p>Mit der r\u00fccksichtslosen Freigabe der Stadien f\u00fcr zehntausende Besucher macht sich die UEFA der vors\u00e4tzlichen K\u00f6rperverletzung schuldig und nimmt Todesf\u00e4lle billigend in Kauf \u2013 aus niedrigsten Beweggr\u00fcnden!<\/p>\n\n\n\n<p>Mutti auf Abschiedstournee bei Lisbeth. Sie sollte sich bei her Royal Highness mal ein Beispiel nehmen! Es, Lisbeth in modischem Outfit. Mutti sah aus, als ob sie gerade vom Ausr\u00e4umen aus dem Kellerk\u00e4me. Das wiederholte sich beim Staatsbesuch der K\u00e4sek\u00f6ppe.<\/p>\n\n\n\n<p>Die CDU ist \u00fcber alle Maa\u00dfen ver\u00e4rgert! Der rechte Fl\u00fcgel hebt langsam vom demokratischen Boden ab.<\/p>\n\n\n\n<p>Jetzt mal Hand aufs Herz, der Spruch h\u00e4tte doch auch von mir sein k\u00f6nnen! Ich zitiere ihn dennoch: \u201eFootball`s coming rome!\u201c Meine Sympathien waren zweifelsfrei auf der Seite der Italiener!<\/p>\n\n\n\n<p>Und da ich schon beim Rumzitieren zu o.g. Thema bin, hier eine Auszug einer au\u00dfergew\u00f6hnlich formulierten Rede von Baronin Sayeeda Warsi: \u201eWenn man die Meute der Rassisten leichtfertig herbeipfeifte, d\u00fcrfe man sich nicht wundern, dass sie auch gelaufen kommen und bellen und bei\u00dfen.\u201c So, wie ich Uli Hoeness immer und immer wieder den verschossenen Elfer vorwerfe, werden die farbigen Spieler weiter beleidigt werden. Ulis Vorteil: er ist Wei\u00dfer. Allerdings ohne wei\u00dfe Weste.<\/p>\n\n\n\n<p>Hurra, die globale Mindeststeuer ist da! Die Staatss\u00e4ckel f\u00fcllen sich erfreulich!<\/p>\n\n\n\n<p>Unsere Heidi! Ich habe ihre Posts in den Sozialen ja seit ein paar Tagen so vermisst! Jetzt posiert sie wieder &#8211; zuweitgehend entbl\u00f6\u00dft. Sonst schaut ja auch niemand mehr hin. Ach, eigentlich war die heidilose Zeit auch ohne nackte Tatsachen sexy.<\/p>\n\n\n\n<p>Es f\u00e4llt nicht leicht die richtigen Worte zur Hochwasser-Trag\u00f6die zu finden \u2013 mein Vornamensvetter fand zwar den Ton, sucht aber nach der angemessenen Mimik und damit verbunden, die innere Einstellung. Jaja, da hat er sich nicht nur lustig gemacht, sondern auch l\u00e4cherlich! Und seine Gummistiefel werden einfach nicht trocken. Da wo Tr\u00fcmmer und eine Kamera sind, da ist auch F-Laschet mit betretener Mine. Allzugern wiederhole ich die treffenden Worte von Dieter Hildebrand, der erkannte bereits vor etlichen Jahren: \u201eDer Berg ruft nicht mehr, der Berg kommt selber!\u201c<\/p>\n\n\n\n<p>Da werden Vollhorst nun eklatante Vers\u00e4umnisse beim Schutz vor und Managen von Katastrophen vorgeworfen. M\u00fcssen wir uns nicht sicherheitshalber auch vor der Katastrophe Vollhorst sch\u00fctzen? Na ja, dieses Kapitel endet ja in absehbarer Zeit.<\/p>\n\n\n\n<p>Das Humbold-Forum wurde er\u00f6ffnet. Die Koschde, die Koschde schallt es durch den Bl\u00e4tterwald. Wenn sich die ewigen N\u00f6rgler doch auch beim Be-scheuerten \u00e4hnlich echauffiert h\u00e4tten. Der hat doch eine \u00e4hnliche Summe kulturlos mal ganz locker mit einem Handstreich in den Sand gesetzt.&nbsp;<\/p>\n\n\n\n<p>Die wohl bekannteste Geste nach dem Stinkefinger ist das Peace-Zeichen (Victory). Winston Churchill erdeutete es vor 80 Jahren. Friedlichen Gl\u00fcckwunsch!<\/p>\n\n\n\n<p>Christian Lindner dr\u00e4ngt sich als Finanzminister auf. Mutig, denn mit seinen Pleiten privat gef\u00fchrter Firmen kann er ja erfolgreich darauf verweisen, wie es nicht geht! Da w\u00e4re dann in der Tat der Bock der G\u00e4rtner!<\/p>\n\n\n\n<p>Die bayrische Blendgranate und verschm\u00e4hte K\u00fcmmerer z\u00fcndet verst\u00e4rkt Tretminen gegen den Aspiranten-Kanzler aus NRW.<\/p>\n","protected":false},"excerpt":{"rendered":"<p>Wenn einer von euch reklamiert, dass ich mich auf die CSU eingeschossen h\u00e4tte, dann hat er Recht! Aber sie liefern ja auch nahezu t\u00e4glich Gr\u00fcnde zum Meckern! So z.B. Vollhorst, der alte Schweren\u00f6ter, vor ein paar Wochen erst forderte er vehement, dass doch wieder Zuschauer in die Stadien kommen sollten d\u00fcrfen. Heute, am 01.07. legt [&hellip;]<\/p>\n","protected":false},"author":1,"featured_media":0,"comment_status":"open","ping_status":"open","sticky":false,"template":"","format":"standard","meta":{"footnotes":""},"categories":[56],"tags":[],"class_list":["post-711","post","type-post","status-publish","format-standard","hentry","category-c-gesellschaft","post-preview"],"_links":{"self":[{"href":"http:\/\/armins-nach-richten.de\/index.php?rest_route=\/wp\/v2\/posts\/711","targetHints":{"allow":["GET"]}}],"collection":[{"href":"http:\/\/armins-nach-richten.de\/index.php?rest_route=\/wp\/v2\/posts"}],"about":[{"href":"http:\/\/armins-nach-richten.de\/index.php?rest_route=\/wp\/v2\/types\/post"}],"author":[{"embeddable":true,"href":"http:\/\/armins-nach-richten.de\/index.php?rest_route=\/wp\/v2\/users\/1"}],"replies":[{"embeddable":true,"href":"http:\/\/armins-nach-richten.de\/index.php?rest_route=%2Fwp%2Fv2%2Fcomments&post=711"}],"version-history":[{"count":1,"href":"http:\/\/armins-nach-richten.de\/index.php?rest_route=\/wp\/v2\/posts\/711\/revisions"}],"predecessor-version":[{"id":712,"href":"http:\/\/armins-nach-richten.de\/index.php?rest_route=\/wp\/v2\/posts\/711\/revisions\/712"}],"wp:attachment":[{"href":"http:\/\/armins-nach-richten.de\/index.php?rest_route=%2Fwp%2Fv2%2Fmedia&parent=711"}],"wp:term":[{"taxonomy":"category","embeddable":true,"href":"http:\/\/armins-nach-richten.de\/index.php?rest_route=%2Fwp%2Fv2%2Fcategories&post=711"},{"taxonomy":"post_tag","embeddable":true,"href":"http:\/\/armins-nach-richten.de\/index.php?rest_route=%2Fwp%2Fv2%2Ftags&post=711"}],"curies":[{"name":"wp","href":"https:\/\/api.w.org\/{rel}","templated":true}]}}