{"id":708,"date":"2021-07-02T11:33:37","date_gmt":"2021-07-02T09:33:37","guid":{"rendered":"http:\/\/armins-nach-richten.de\/?p=708"},"modified":"2021-07-02T11:33:37","modified_gmt":"2021-07-02T09:33:37","slug":"mrb-juni-2021","status":"publish","type":"post","link":"http:\/\/armins-nach-richten.de\/?p=708","title":{"rendered":"MRB Juni 2021"},"content":{"rendered":"\n<p>Wie bereits angek\u00fcndigt, ab heute der MonatsR\u00fcckBlick mit reduzierter Headline. Man muss seine Buchstaben einteilen, wer wei\u00df, wie lange sie noch steuerfrei so einfach aufs digitale Papier gebannt werden k\u00f6nnen. In Gedanken schreibe ich sie selbstverst\u00e4ndlich komplett aus! Und, denkt auch daran, dass ihr in Gedanken ab heute die *innen dranh\u00e4ngen m\u00fcsst. Oder auch nicht! Mir doch egal!<\/p>\n\n\n\n<p>Der Juni startet mit einer faustdicken \u00dcberraschung. Karl-Heinz Rummelfliege zieht sich zur\u00fcck. Das freut mich nat\u00fcrlich unbeschreiblich. Jaja, auch f\u00fcr ihn freut es mich. Jetzt kann er sich mit aller Hingabe um seine ganzen Luxusuhren k\u00fcmmern, die er von den Kataris geschenkt bekommen hat. F\u00fcr seine eintr\u00e4gliche rotwangige Nibelungentreue zu dem menschenverachtenden W\u00fcstenstaatlern.<\/p>\n\n\n\n<p>Aus der EU-Beh\u00fcrde kommt eine Nachricht der besonderen Art. Es gibt eine weitere neue Beh\u00fcrde. Das ist grunds\u00e4tzlich schlecht. Gut daran k\u00f6nnte allerdings sein, dass sie sich, also die hoch Besoldeten, um die Verteilung von EU-Geldern, also unserem Geld, k\u00fcmmern, ob sie auch nicht von den Despoten zur Unterdr\u00fcckung von Recht und Freiheit verpulvert werden oder zur Korruption in irgendwelche schmutzigen H\u00e4nde wandern oder gar ins private S\u00e4ckel. Da bin ich ja mal gespannt!<\/p>\n\n\n\n<p>02. Juni: Internationaler Tag der Huren. Das horizontale Gewerbe leidet in ganz besonderem Masse unter der Pandemie. Mit 1,5m Abstand l\u00e4sst sich dieser Beruf kaum aus\u00fcben.<\/p>\n\n\n\n<p>Die Deutschen sind die neuen Holl\u00e4nder! Das Volk der Denker ist zum fahrenden Volk der Camper evolutioniert. Wirtschaftlich davon profitieren auch die Hersteller von Fahrradhecktr\u00e4gern, Klappst\u00fchlen, Grills, Plastikgeschirr bis zu Jogginganz\u00fcgen.<\/p>\n\n\n\n<p>Alice Schwarzer hat sich ein langes Leben lang f\u00fcr die Gleichberechtigung eingesetzt. Sie ist sogar mit gutem Beispiel vorausgegangen und hat, wie diverse (ohne das dritte Geschlecht zu meinen!) M\u00e4nner, brav Steuern hinterzogen.<\/p>\n\n\n\n<p>Emanzipation = sch\u00f6n und gut. Aber was ist denn verwerflich, wenn Mann einer Frau z.B. die T\u00fcr aufh\u00e4lt? Solange es nicht die zu seinem Schlafzimmer ist!<\/p>\n\n\n\n<p>Dazu f\u00e4llt mir auch noch der alte Slogan des begnadeten Schweizer Uhrenherstellers IWC ein: \u201eFast so kompliziert wie eine Frau. Aber p\u00fcnktlich!\u201c<\/p>\n\n\n\n<p>In Hongkong wurde in der City ein Parkplatz f\u00fcr 1Mio. Dollar verkauft. Daf\u00fcr h\u00e4tte man sich auch mit einem Heli t\u00e4glich ins B\u00fcro fliegen lassen k\u00f6nnen.<\/p>\n\n\n\n<p>Der Liebe Gott ist jetzt online, die Kirche geht digital. Eure S\u00fcnden k\u00f6nnt ihr jetzt dem\u00fctig via Alexa oder Siri beichten. Sie sind ohnehin schon gespeichert und werden nur auf Richtigkeit &nbsp;oder Plagiate abgeglichen. Zur Busse m\u00fcsst ihr f\u00fcnf Mal das \u201eGoogle Unser\u201c und \u201eAmazon wir loben dich\u201c beten.<\/p>\n\n\n\n<p>Meine Amigos von der CSU, speziell die Innenminister Vollhorst und Hermann, haben doch eine geniale Idee: Straff\u00e4llig gewordene Syrer, die sie nicht nach Syrien abschieben k\u00f6nnen &#8211; ab damit in syrische Nachbarl\u00e4nder. Da werden Falschparkern bis M\u00f6rder doch sicher alle mit offenen Armen willkommen gehei\u00dfen.<\/p>\n\n\n\n<p>Alle sind f\u00fcr die Lockerung der Maskenpflicht. Alle? Nein! Eine widerspenstige Enklave im Grauenland l\u00e4sst die Maske fallen. Er, der S\u00f6derling, sch\u00fctzt seine notorischen Handaufhalter und sichert ihnen weiter eine ertr\u00e4gliche Einnahmequelle. Steuerfrei nat\u00fcrlich!<\/p>\n\n\n\n<p>Die Ideen der CDU f\u00fcrs neue Wahlprogramm ist ein Evergreen der Vorhaben aus mindestens drei Legislaturperioden: U.a. der Ausbau des \u201efl\u00e4chendeckenden digitalen Netzes\u201c. Hahaha!<\/p>\n\n\n\n<p>Liebe Leute, es gibt noch viel zu tun! Diese ganze Genderei ist nicht konsequent und vern\u00fcnftig durchdacht. Muss ich mich denn um alles k\u00fcmmern? Seit wir wieder Essengehen k\u00f6nnen, f\u00e4llt es mir wie Schuppen aus den Haaren: Wie rufe ich das traditionelle Fr\u00e4ulein? Egal welchen Alters! Einverstanden, Fr\u00e4ulein ist out. Und simpel nur \u201eBedienung\u201c ist zu plump. Oder? Ihre m\u00e4nnlichen Kollegen ermuntern wir zum Bedienen mit \u201eHerr Ober\u201c. Und die weiblichen? Frau Ober*in? Oder gar Schwester Ober*in? Seht ihr, der Genderwillige verzweifelt am Detail.<\/p>\n\n\n\n<p>Der Jens, der alte Sp\u00e4hner, hat sein Hirn jetzt bereits in den Altersmodus geschaltet. Behauptet er doch heute, am 21.06., ohne purpurrot zu werden, dass sie die Rente mit 63 durchgesetzt haben. Ich habe offensichtlich verpasst, dass Jensilein in die SPD eingetreten ist!<\/p>\n\n\n\n<p>22.06.: Der Welt stockt der Atem. Muslime werfen sich gen Westen in den Staub. Andersgl\u00e4ubige und Atheisten verbr\u00fcdern sich, liegen sich in den Armen, leiern Liturgien herunter oder singen Chor\u00e4le im Chor. Das Virus hat seine Mutanten in Quarant\u00e4ne geschickt und die K-Frage versinkt im Sumpf der Kriegsgewinnler. Markus S\u00f6der und Thomas M\u00fcller meiden die Mikros, um dem j\u00fcngsten Gericht nicht die Show zu stehlen. Wann f\u00e4llt die UEFA ihr epochales Urteil? In welchen Farben darf das M\u00fcnchner Fu\u00dfballstadion zum EM-Spiel gegen Ungarn erstrahlen?<\/p>\n\n\n\n<p>Na dann mal los! Die CSU pr\u00e4sentiert ihre Listenkandidaten f\u00fcr die Wahl im Herbst. Auf Position 1 der ehemalige Verkehrtminister Alexander Dobrindt, der den Ausbau der Digitalisierung bereits in der zweiten Degeneration verschlafen hat. Doch es wird immer besser! Auf Rang 2, die im tiefen, koma\u00e4hnlichem Dauerwinterschlaf dahind\u00f6sende Dorle B\u00e4r. Ihres Zeichens Digital-Staatsministerin. Gefolgt von dem absoluten Gipfel der Unf\u00e4higkeit: Meinem speziellen Amigo Andreas Be-scheuert. Aufbruch zu alten Ufern! Es geht nun wirklich nicht mehr bl\u00f6der, Herr S\u00f6der! Und das war im Monat Juni nun wirklich das Allerletzte!<\/p>\n","protected":false},"excerpt":{"rendered":"<p>Wie bereits angek\u00fcndigt, ab heute der MonatsR\u00fcckBlick mit reduzierter Headline. Man muss seine Buchstaben einteilen, wer wei\u00df, wie lange sie noch steuerfrei so einfach aufs digitale Papier gebannt werden k\u00f6nnen. In Gedanken schreibe ich sie selbstverst\u00e4ndlich komplett aus! Und, denkt auch daran, dass ihr in Gedanken ab heute die *innen dranh\u00e4ngen m\u00fcsst. Oder auch nicht! [&hellip;]<\/p>\n","protected":false},"author":1,"featured_media":0,"comment_status":"open","ping_status":"open","sticky":false,"template":"","format":"standard","meta":{"footnotes":""},"categories":[56],"tags":[],"class_list":["post-708","post","type-post","status-publish","format-standard","hentry","category-c-gesellschaft","post-preview"],"_links":{"self":[{"href":"http:\/\/armins-nach-richten.de\/index.php?rest_route=\/wp\/v2\/posts\/708","targetHints":{"allow":["GET"]}}],"collection":[{"href":"http:\/\/armins-nach-richten.de\/index.php?rest_route=\/wp\/v2\/posts"}],"about":[{"href":"http:\/\/armins-nach-richten.de\/index.php?rest_route=\/wp\/v2\/types\/post"}],"author":[{"embeddable":true,"href":"http:\/\/armins-nach-richten.de\/index.php?rest_route=\/wp\/v2\/users\/1"}],"replies":[{"embeddable":true,"href":"http:\/\/armins-nach-richten.de\/index.php?rest_route=%2Fwp%2Fv2%2Fcomments&post=708"}],"version-history":[{"count":1,"href":"http:\/\/armins-nach-richten.de\/index.php?rest_route=\/wp\/v2\/posts\/708\/revisions"}],"predecessor-version":[{"id":709,"href":"http:\/\/armins-nach-richten.de\/index.php?rest_route=\/wp\/v2\/posts\/708\/revisions\/709"}],"wp:attachment":[{"href":"http:\/\/armins-nach-richten.de\/index.php?rest_route=%2Fwp%2Fv2%2Fmedia&parent=708"}],"wp:term":[{"taxonomy":"category","embeddable":true,"href":"http:\/\/armins-nach-richten.de\/index.php?rest_route=%2Fwp%2Fv2%2Fcategories&post=708"},{"taxonomy":"post_tag","embeddable":true,"href":"http:\/\/armins-nach-richten.de\/index.php?rest_route=%2Fwp%2Fv2%2Ftags&post=708"}],"curies":[{"name":"wp","href":"https:\/\/api.w.org\/{rel}","templated":true}]}}