{"id":680,"date":"2021-02-02T11:40:14","date_gmt":"2021-02-02T10:40:14","guid":{"rendered":"http:\/\/armins-nach-richten.de\/?p=680"},"modified":"2021-02-02T11:40:14","modified_gmt":"2021-02-02T10:40:14","slug":"monatsrueckblick-januar-2021","status":"publish","type":"post","link":"http:\/\/armins-nach-richten.de\/?p=680","title":{"rendered":"Monatsr\u00fcckblick Januar 2021"},"content":{"rendered":"\n<p>Ab dem ersten des neuen Jahres sind die Autobahnen Bundesverkehrtminister-sache. Ergo: bescheuert. Da sich die Kosten f\u00fcr diese Ummodelung schon vor dem Start verachtfacht haben, die Verwaltungskosten bereits im Vorfeld statt geplanten 41 Millionen = 350 Millionen verschlungen haben, davon externe Berater\/innen \u00fcber knapp 40 Millionen verbuchen k\u00f6nnen, signalisiert uns: es bleibt alles beim Alten.<\/p>\n\n\n\n<p>So ein Jahresbeginn animiert manchen eine Bilanz zu ziehen, oder sich ein paar Gedanken zu machen, anstelle eines Katerfr\u00fchst\u00fccks. Mich trieb z.B. der Folgende um: \u201eWarum wollen so viele Fl\u00fcchtlinge\/innen&nbsp; eigentlich nach Europa, besonders nach Deutschland?\u201c F\u00fcr sie ist es wohl das Paradies! Man stelle sich vor, in den gro\u00dfen M\u00e4rkten preisen volle Regalreihen u.a. Katzenfutter an. Von Tieren, die eigentlich dem genetisch angeborenen Jagdverhalten der Katzen selbst entspricht. Wie z.B. Rind, Kalb oder Thunfisch. Tja, und dann w\u00e4ren da noch die nackten Zahlen: Bundesb\u00fcrger\/innen geben im Schnitt so viel Geld f\u00fcr ihren besten Freund\/innen, den Hund, aus, wie sie in ihren Heimatl\u00e4ndern einnehmen. Das gibt dann doch zu denken! Oder?<\/p>\n\n\n\n<p>Den medienaffienen, omnipr\u00e4senten Schattenkanzler kann auch eine Infektion nicht stoppen. Schon st\u00fcrmt er auch im neuen Jahr furchtlos und fruchtlos voran.<\/p>\n\n\n\n<p>Meine Empathie wird zum Jahresbeginn gleich wieder aufs \u00c4u\u00dferste strapaziert. Stellt euch nur vor, die armen Kicker\/innen m\u00fcssen alle 3,8 Tage spielen! Welch eine Zumutung! Will doch hei\u00dfen, sie verdienen (bekommen) in k\u00fcrzerer Zeit ihr Geld. Allerdings zwingt sie niemand ihre Millionen zu horten.<\/p>\n\n\n\n<p>Einer der sch\u00f6nsten Momente im meinem Leben! Der Egomane ist Plusquamperfekt! Und jetzt im Schweinsgalopp in den Knast. Bei Wasser und Brot, mit 4 weiteren schwarzen Zellengenossen!<\/p>\n\n\n\n<p>Wie ich jetzt auf die Blaumeisen komme, bleibt mein Geheimnis. Jedenfalls schrieb Wilhelm Busch \u00fcber sie: \u201cHell fl\u00f6tet sie und klettert munter, im Strauch kopf\u00fcber und kopfunter.\u201c<\/p>\n\n\n\n<p>Habt ihr es gesehen? Beim Treffen der Ministerpr\u00e4sidenten\/innen stieg der Schattenkanzler aus seinem Dienstwagen, schaute sich minutenlang hilfesuchend um, und kein Reporter hat ihn angesprochen oder gar etwas gefragt. Bitter entt\u00e4uscht entschwand er ins Kanzler\/inamt.<\/p>\n\n\n\n<p>Kaum \u00fcbermannte mich die Freude, dass der Unflat bald Geschichte ist, da s\u00e4t er neues Ungemach und spaltet die USA wie kein Zweiter. Ganz im Trubel der Ereignisse in Washington ging ein weiteres Debakel unter. Die Polizisten\/innen, die einen Schwarzen auf der Flucht vor ihnen sieben Mal in den R\u00fccken geschossen haben, sind freigesprochen worden: Notwehr!<\/p>\n\n\n\n<p>07.01.:DJ \u00d6tzi wird 50 \u2013 erst!? Ich dachte es sei ein Zwillingsbruder vom \u00d6tzi. Auch die Maus wird 50. Sie sieht wesentlich frischer aus!<\/p>\n\n\n\n<p>08.01.: \u201eDu hast die Haare sch\u00f6n!\u201c Oder: Locke down statt Lock Down = die Million\u00e4rsb\u00fcbchen laufen frisch gegelt mit perfekt gestutzten Haaren auf! Ich vermute, dass nahezu jede Spielerfrau Fris\u00f6se ist. Oder: sie, die Jungmillion\u00e4re, besuchen Hundesalons. Denn die sind ge\u00f6ffnet!<\/p>\n\n\n\n<p>Kann bitte irgendjemand dem Schattenkanzler mal raten, er m\u00f6ge uns mit seinen Ideen verschonen, und sich lieber um die Probleme vor seiner Haust\u00fcr im Grauenland k\u00fcmmern soll? Herzlichen Dank!<\/p>\n\n\n\n<p>16.01.: Also, F-Laschet ist es nun doch geworden. Was soll ich dazu sagen? Wenn einer schon Armin hei\u00dft und aus NRW kommt\u2026.! Weiter so!<\/p>\n\n\n\n<p>16.01.: Noch ein historischer Tag: Der \u201eNationale Nothing Day\u201c. Jetzt kommt bitte mal ein bisschen n\u00e4her ran. Ich muss ganz leise schreiben, damit wir sie nicht wecken! Sie, gemeint ist Dorothea B\u00e4r\/in. Hand aufs Herz, wem sagt das was? Oder, wusstet ihr, dass wir eine \u201eStaatsminister\/in f\u00fcr Digitalisierung\u201c bezahlen? Seht ihr \u2013 ich auch nicht. Hier ist der Name Programm. Artengerecht befindet sich die B\u00e4r\/in in tiefstem, komat\u00f6sem Legislaturperiodenwinterschlaf. Sie setzt die erfolgsverh\u00f6hnte Tradition der degenerierten CSU-Minister\/innen nahtlos fort. Nachdem schon die zust\u00e4ndigen Rammsauer und Dobrindt und der aktuelle, b-scheuerte Verkehrtminister den fl\u00e4chendeckenden, schnellen Netzausbau seit Jahrzehnten grandios verpennt haben, schl\u00e4ft nun das Dorle komat\u00f6s in der kryptischen Digitalh\u00f6hle. Von 5,5 Milliarden hat sie immerhin schon einmal 15 Millionen investiert. Wahrscheinlich f\u00fcr Berater?! Erwachet! Dazu passt das Zitat von Joachim Ringelnatz: \u201eSicher ist, dass nichts ist. Selbst das nicht\u201c!<\/p>\n\n\n\n<p>Wisst ihr, was ich mir gerne mal im J\u00e4nner antue? Wenn mir eines dieser \u00fcberlebensnotwendigen Frauenfachzeitschriften in die H\u00e4nde f\u00e4llt, also \u201eFrau im Spiegel\u201c oder so, dann lese ich die Horrorskope. Ein wahrer Erguss der Kreativit\u00e4t! Verbunden mit der Hoffnung, dass diese nie eintreffen m\u00f6gen. Oder doch?<\/p>\n\n\n\n<p>20.01.2021: ein Tag zum Feiern! Der gro\u00dfartigste Prolet aller Zeiten ist endlich Geschichte. Jetzt muss als erstes das Weisse Haus gereinigt und von dem Bazillus desinfiziert werden. Bis in den \u00e4u\u00dfersten rechten Winkel.<\/p>\n\n\n\n<p>Es ist statistisch erfasst, dass er an 300 Tagen gegolft hat. Rechnet man f\u00fcr einen Twitter nur ca. 2 Minuten, dann ergibt dass weitere rund 70 Tage. Subtrahieren wir den gerechten Schlaf, bleibt ihm immerhin noch gut ein Drittel seiner Amtszeit zum Fernsehen und zur Selbstinzinierung.<\/p>\n\n\n\n<p>Ganz hei\u00dfe Diskussion: Privilegien f\u00fcr Geimpfte! Einerseits ist es ja schon ein Privileg als Bevorzugte geimpft zu werden. Andererseits, man muss es auch mal so sehen, sie k\u00f6nnten ja die Wirtschaft in Schwung bringen! Genauer gesagt, erst einmal st\u00fcrmen die 80j\u00e4hrigen Kneipen, Restaurants, Kinos und Gesch\u00e4fte wie z.B. Sanit\u00e4tsh\u00e4user. Man m\u00fcsste nur mehr Parkm\u00f6glichkeiten f\u00fcr Rollatoren schaffen. Ein wahrer Boom auf St\u00fctzstr\u00fcmpfe und Vitaltropfen w\u00fcrde die Ums\u00e4tze puschen. Man muss nur kreativ denken. Oder?<\/p>\n\n\n\n<p>Wer meine Ge-richte seit Jahren verfolgt, der wei\u00df, dass ich drei Dinge ganz besonders geisel: Subventionen, Lobbyisten\/innen und Beh\u00fcrden respektive Beamte\/innen. Zwei Beispiele f\u00fcr den absoluten Rinderwahnsinn: kennt ihr RkReVA\u00dcG? Nein, das ist schlicht und ergreifend das \u201eRinderkennzeichnungsfleischetikettierungs\u00fcberwachungsaufgaben\u00fcbertragungsgesetz\u201c. Auf dem zweiten Platz rangiert unangefochten die<\/p>\n\n\n\n<p>\u201eGrundst\u00fccksverkehrsgenehmigungszust\u00e4ndigkeits\u00fcbertragungsverordnung\u201c! Der reine Wahnsinn, oder?<\/p>\n\n\n\n<p>Seitenbacher, Seitenbacher, Seitenbacher \u2013 so gesundet ein Unternehmen! Mehr als 75% Preis\u00fcbert\u00f6lpelung f\u00fcr die Mogelpackung des Jahres, das \u201eFruchtm\u00fcsli\u201c!<\/p>\n\n\n\n<p>27.01.: Herzlichen Gl\u00fcckwunsch zum ersten Geburtstag von Covid19! Es hat sich wirklich au\u00dfergew\u00f6hnlich gut gehalten!<\/p>\n\n\n\n<p>Und wenn wir schon beim Thema sind, nein, ich will mich nicht in die schier unendliche Reihe der Labershows reindr\u00e4ngen. Die eine Will, die andere kann nicht, Maischberger, Lanz, Hirschgrausen und Konsorten reichen doch nun wirklich!<\/p>\n\n\n\n<p>Nein, ich m\u00f6chte mein Augenmerk auf die Impfdosenbestellungen der EU richten. Wer um Himmelswillen konnte \u201eFlinten-Uschi\u201c damit betrauen? Die hat doch schon die Bundeswehr gnadenlos zu Grunde organisiert! Das musste doch schiefgehen!<\/p>\n","protected":false},"excerpt":{"rendered":"<p>Ab dem ersten des neuen Jahres sind die Autobahnen Bundesverkehrtminister-sache. Ergo: bescheuert. Da sich die Kosten f\u00fcr diese Ummodelung schon vor dem Start verachtfacht haben, die Verwaltungskosten bereits im Vorfeld statt geplanten 41 Millionen = 350 Millionen verschlungen haben, davon externe Berater\/innen \u00fcber knapp 40 Millionen verbuchen k\u00f6nnen, signalisiert uns: es bleibt alles beim Alten. [&hellip;]<\/p>\n","protected":false},"author":1,"featured_media":0,"comment_status":"open","ping_status":"open","sticky":false,"template":"","format":"standard","meta":{"footnotes":""},"categories":[56],"tags":[],"class_list":["post-680","post","type-post","status-publish","format-standard","hentry","category-c-gesellschaft","post-preview"],"_links":{"self":[{"href":"http:\/\/armins-nach-richten.de\/index.php?rest_route=\/wp\/v2\/posts\/680","targetHints":{"allow":["GET"]}}],"collection":[{"href":"http:\/\/armins-nach-richten.de\/index.php?rest_route=\/wp\/v2\/posts"}],"about":[{"href":"http:\/\/armins-nach-richten.de\/index.php?rest_route=\/wp\/v2\/types\/post"}],"author":[{"embeddable":true,"href":"http:\/\/armins-nach-richten.de\/index.php?rest_route=\/wp\/v2\/users\/1"}],"replies":[{"embeddable":true,"href":"http:\/\/armins-nach-richten.de\/index.php?rest_route=%2Fwp%2Fv2%2Fcomments&post=680"}],"version-history":[{"count":1,"href":"http:\/\/armins-nach-richten.de\/index.php?rest_route=\/wp\/v2\/posts\/680\/revisions"}],"predecessor-version":[{"id":681,"href":"http:\/\/armins-nach-richten.de\/index.php?rest_route=\/wp\/v2\/posts\/680\/revisions\/681"}],"wp:attachment":[{"href":"http:\/\/armins-nach-richten.de\/index.php?rest_route=%2Fwp%2Fv2%2Fmedia&parent=680"}],"wp:term":[{"taxonomy":"category","embeddable":true,"href":"http:\/\/armins-nach-richten.de\/index.php?rest_route=%2Fwp%2Fv2%2Fcategories&post=680"},{"taxonomy":"post_tag","embeddable":true,"href":"http:\/\/armins-nach-richten.de\/index.php?rest_route=%2Fwp%2Fv2%2Ftags&post=680"}],"curies":[{"name":"wp","href":"https:\/\/api.w.org\/{rel}","templated":true}]}}