{"id":584,"date":"2020-01-18T11:45:51","date_gmt":"2020-01-18T10:45:51","guid":{"rendered":"http:\/\/armins-nach-richten.de\/?p=584"},"modified":"2020-01-18T11:45:51","modified_gmt":"2020-01-18T10:45:51","slug":"klimahysterie","status":"publish","type":"post","link":"http:\/\/armins-nach-richten.de\/?p=584","title":{"rendered":"Klimahysterie"},"content":{"rendered":"\n<p>Klimahysterie ist es nun\ngeworden, das Unwort des Jahres. Da muss ich, als bekennender SUV-Fahrer,\ngleich einen alternativen Beitrag zum Klimaschutz &nbsp;leisten. Dazu verbrauche ich weder fossile\nBrennstoffe noch erh\u00f6he ich meinen CO\u00b2 &#8211; Aussto\u00df. Aber gerade des schlechten\nGewissens wegen, soll mein ernstgemeinter, praktikabler Vorschlag dem Verkehr\nals solches von gro\u00dfem Nutzen sein. <\/p>\n\n\n\n<p>So finde ich die Debatte zum Tempolimit\n130 auf Autobahnen sinnvoll. Man k\u00f6nnte damit sogar einiges f\u00fcr einen\nstaufreieren flie\u00dfenden Verkehr erreichen. Um ihn, den Verkehr, noch\n\u00fcberfl\u00fcssiger zu gestalten, pl\u00e4diere ich f\u00fcr eine &nbsp;komplett neue Einteilung der Fahrspuren. Die\nlinke, begrenzt auf 130, nur f\u00fcr PKW (auch SUV) mit Fahrgemeinschaften. Die\nmittlere f\u00fcr LKWs mit osteurop\u00e4ischen Kennzeichen, f\u00fcr alle Kleintransporter,\nsowie f\u00fcr einzelreisende steuerabsetzbare Pendler, die dem \u00f6ffentlichen\nNahverkehr grunds\u00e4tzlich zu widerfahren. Selbstverst\u00e4ndlich herrscht generelles\n\u00dcberhohlverbot! Die rechte Fahrspur ist ausschlie\u00dflich f\u00fcr E-Mobile reserviert,\ndamit sie es bis zur n\u00e4chsten Ladestation nicht gar so weit haben. Diese\nsollten, in jederzeit erreichbaren Abst\u00e4nden, installiert werden. Dazwischen, fu\u00dfl\u00e4ufig\nzu konsultierende Notrufs\u00e4ulen f\u00fcr diese Risikogruppe, die dem\nReichweitenmanipulator grunds\u00e4tzlich misstrauen. F\u00fcr die Stromerzeugung auf\nfreier Strecke empfehle ich den Einsatz von Dieselgeneratoren. Am fl\u00e4chendeckenden\nMobilfunknetz muss allerdings noch ernsthaft* gearbeitet werden, damit die Apps\nnicht in Funkl\u00f6cher fallen. Gro\u00dfe Hinweisschilder informieren rechtzeitig \u00fcber\ndie Anbieter der n\u00e4chsten sowie \u00fcbern\u00e4chsten Ladestation. <\/p>\n\n\n\n<p>In vorhandenen Einz\u00e4unungen\nm\u00fcssen f\u00fcrs M\u00fcssen Durchg\u00e4nge geschaffen werden, damit die Notdurft verrichtet\nwerden kann, die w\u00e4hrend der Ladezeit an Dringlichkeit zunehmen k\u00f6nnte. Und\ndamit Freipinkler nicht als Exhibitionisten auf dem Gr\u00fcnstreifen ge\u00e4chtet\nwerden. Kleine, bunte F\u00e4hnchen zeigen die Richtung an, aus der der Wind bl\u00e4st.\nAusnahmsweise ist f\u00fcr die Herren das vertikale Wasserlassen erlaubt. Faltbare,\nwetterfeste Paravents und Klappst\u00fchle vereinfachen gr\u00f6\u00dfere Stuhlg\u00e4nge und bieten\nausreichend Sichtschutz. In dem Zeitfenster von Oktober bis Ostern k\u00f6nnten &nbsp;Automaten mit Heizdecken vor Frostsch\u00e4den sch\u00fctzen.\nDeren Anwendung w\u00fcrde allerdings die Ladezeit marginal negativ beeinflussen.\nAuch der Lesezirkel h\u00e4lfe die Stunden kurzweiliger zu \u00fcberbr\u00fccken. Zum\nZeitvertreib mit Kreuzwortr\u00e4tseln oder Sudoku liegen Stifte bereit, deren\nFarbpigmente nach einer gewissen Zeit wieder verblassen, um Nachfolgenden diese\nDenksportaufgaben ebenfalls zu erm\u00f6glichen. \u00dcber die Reihenfolge entscheidet\njeweils das Eintreffen der Fahrzeuge. Ansonsten w\u00fcnsche ich allen freien\nB\u00fcrgern und B\u00fcrgerinnen und Diversen staufreie Fahrt!<\/p>\n\n\n\n<p>*<em>Hier hege ich dann doch\narge Zweifel an einer raschen Umsetzung. Man ber\u00fccksichtige die dritte&nbsp; Degeneration der bayrischen Verkehrtminister,\nderen jahrelanges Versagen legend\u00e4r ist.<\/em><\/p>\n","protected":false},"excerpt":{"rendered":"<p>Klimahysterie ist es nun geworden, das Unwort des Jahres. Da muss ich, als bekennender SUV-Fahrer, gleich einen alternativen Beitrag zum Klimaschutz &nbsp;leisten. Dazu verbrauche ich weder fossile Brennstoffe noch erh\u00f6he ich meinen CO\u00b2 &#8211; Aussto\u00df. Aber gerade des schlechten Gewissens wegen, soll mein ernstgemeinter, praktikabler Vorschlag dem Verkehr als solches von gro\u00dfem Nutzen sein. So [&hellip;]<\/p>\n","protected":false},"author":1,"featured_media":0,"comment_status":"open","ping_status":"open","sticky":false,"template":"","format":"standard","meta":{"footnotes":""},"categories":[56],"tags":[],"class_list":["post-584","post","type-post","status-publish","format-standard","hentry","category-c-gesellschaft","post-preview"],"_links":{"self":[{"href":"http:\/\/armins-nach-richten.de\/index.php?rest_route=\/wp\/v2\/posts\/584","targetHints":{"allow":["GET"]}}],"collection":[{"href":"http:\/\/armins-nach-richten.de\/index.php?rest_route=\/wp\/v2\/posts"}],"about":[{"href":"http:\/\/armins-nach-richten.de\/index.php?rest_route=\/wp\/v2\/types\/post"}],"author":[{"embeddable":true,"href":"http:\/\/armins-nach-richten.de\/index.php?rest_route=\/wp\/v2\/users\/1"}],"replies":[{"embeddable":true,"href":"http:\/\/armins-nach-richten.de\/index.php?rest_route=%2Fwp%2Fv2%2Fcomments&post=584"}],"version-history":[{"count":1,"href":"http:\/\/armins-nach-richten.de\/index.php?rest_route=\/wp\/v2\/posts\/584\/revisions"}],"predecessor-version":[{"id":585,"href":"http:\/\/armins-nach-richten.de\/index.php?rest_route=\/wp\/v2\/posts\/584\/revisions\/585"}],"wp:attachment":[{"href":"http:\/\/armins-nach-richten.de\/index.php?rest_route=%2Fwp%2Fv2%2Fmedia&parent=584"}],"wp:term":[{"taxonomy":"category","embeddable":true,"href":"http:\/\/armins-nach-richten.de\/index.php?rest_route=%2Fwp%2Fv2%2Fcategories&post=584"},{"taxonomy":"post_tag","embeddable":true,"href":"http:\/\/armins-nach-richten.de\/index.php?rest_route=%2Fwp%2Fv2%2Ftags&post=584"}],"curies":[{"name":"wp","href":"https:\/\/api.w.org\/{rel}","templated":true}]}}