{"id":459,"date":"2018-11-10T10:27:40","date_gmt":"2018-11-10T09:27:40","guid":{"rendered":"http:\/\/armins-nach-richten.de\/?p=459"},"modified":"2018-11-10T10:27:44","modified_gmt":"2018-11-10T09:27:44","slug":"martinimarkt","status":"publish","type":"post","link":"http:\/\/armins-nach-richten.de\/?p=459","title":{"rendered":"Martinimarkt"},"content":{"rendered":"<p>Die Weihnachtsm\u00e4rkte werfen ihre duftenden Schatten voraus. Winterzauber, Adventstr\u00e4umchen oder eben Martinimarkt. Typisch Deutsch, denn erst ab einem definierten Datum d\u00fcrfen Weihnachtsm\u00e4rkte Weihnachtsm\u00e4rkte\u00a0 hei\u00dfen. Warum auch nicht? Andererseits, in den Einkaufszentren blockieren die Lebkuchenstapel, Schokoladenriegel, Weihnachtsm\u00e4nner, Plastiktannen und LED-Lichterketten bereits seit Wochen die nat\u00fcrlichen Laufwege der Kunden. Insiderinformationen zufolge scharrt die Generation der Osterhasen 2019 schon mit den Pf\u00f6tchen in der Versandzone der Confiserien.<\/p>\n<p>Unser Besuch des Martinimarktes wurde bewusst auf den fr\u00fchen Samstagmittag gelegt. Ein strahlender Novembertag, an dem samstags, wie jeden Samstag, erst die Gehwege gefegt werden m\u00fcssen, bevor ein vergn\u00fcgliches Wochenende eingel\u00e4utet werden kann. Das er\u00f6ffnet den vorweihnachtlich gestimmten Besuchern des Martinimarktes die einmalige Chance zwischen den Massen auch einmal einen fl\u00fcchtigen Blick auf die Auslagen der Buden links und rechts der Schubstrecke zu werfen. Eigentlich ist das auch nicht zwingend erforderlich, aber es er\u00f6ffnet einem dann doch Einblicke in eine ansonsten unbekannte, verborgene Erlebniswelt.<\/p>\n<p>Zugegeben, es gibt auch gebrannte Mandeln und Mohrenk\u00f6pfe oder Negerk\u00fcsse, die nicht mehr Mohrenk\u00f6pfe oder Negerk\u00fcsse genannt werden d\u00fcrfen, und jetzt offiziell als Schaumk\u00fcsse angeboten werden. An zwei von grob gesch\u00e4tzt zweihundert Buden! Die restlichen einhundertachtundneunzig erkennt man schon auf einige Meter am Geruch. Wie die gebrannten Mandeln auch. Allerdings animieren diese D\u00fcfte nicht wirklich die Geschmacksf\u00e4den zu einer h\u00f6heren Produktion. Lederg\u00fcrtel, Geldb\u00f6rsen, gekl\u00f6ppelte Tischl\u00e4ufer, gestrickte Biosocken, Leggins, geh\u00e4kelte M\u00fctzen, aus der Mode gekommener Modeschmuck und Flaschenb\u00fcrsten entfalten ein unvergleichliches, aber f\u00fcr Martinim\u00e4rkte typisches Aroma. Die Palette der D\u00fcfte pendelt zwischen Bayer Leverkusen und Kl\u00e4ranlage oder einem harmonischem Mix der Konglomerate. Auch winterfeste Baumwoll-Reizw\u00e4sche f\u00fcr die neblig tr\u00fcben Stunden vor dem TV bei der Carmen Nebel-Show reizt die urbane K\u00e4uferschicht zu Spontank\u00e4ufen. D\u00f6ner und fettige Bratw\u00fcrste verbreiten alternative D\u00fcfte. Die wenigen Gl\u00fchweinst\u00e4nde erden die Besucher wieder. Gott sein Dank! Denn ohne ein paar T\u00e4sschen der Winzer-K\u00f6stlichkeiten w\u00e4re der Samstagnachmittag eine b\u00f6se Bescherung geworden.<\/p>\n<p>P.S.: Wer hinter dem Sinn des Martinimarktes eine Hommage an gleichnamiges Lieblingsgetr\u00e4nk eines gewissen J.Bond vermutet, der wird bitter entt\u00e4uscht werden. Weder ger\u00fchrt noch gesch\u00fcttelt. Also, man ist von den Darbietungen keinesfalls ger\u00fchrt, eher gesch\u00fcttelt!<\/p>\n","protected":false},"excerpt":{"rendered":"<p>Die Weihnachtsm\u00e4rkte werfen ihre duftenden Schatten voraus. Winterzauber, Adventstr\u00e4umchen oder eben Martinimarkt. Typisch Deutsch, denn erst ab einem definierten Datum d\u00fcrfen Weihnachtsm\u00e4rkte Weihnachtsm\u00e4rkte\u00a0 hei\u00dfen. Warum auch nicht? Andererseits, in den Einkaufszentren blockieren die Lebkuchenstapel, Schokoladenriegel, Weihnachtsm\u00e4nner, Plastiktannen und LED-Lichterketten bereits seit Wochen die nat\u00fcrlichen Laufwege der Kunden. Insiderinformationen zufolge scharrt die Generation der Osterhasen 2019 [&hellip;]<\/p>\n","protected":false},"author":1,"featured_media":0,"comment_status":"open","ping_status":"open","sticky":false,"template":"","format":"standard","meta":{"footnotes":""},"categories":[56],"tags":[],"class_list":["post-459","post","type-post","status-publish","format-standard","hentry","category-c-gesellschaft","post-preview"],"_links":{"self":[{"href":"http:\/\/armins-nach-richten.de\/index.php?rest_route=\/wp\/v2\/posts\/459","targetHints":{"allow":["GET"]}}],"collection":[{"href":"http:\/\/armins-nach-richten.de\/index.php?rest_route=\/wp\/v2\/posts"}],"about":[{"href":"http:\/\/armins-nach-richten.de\/index.php?rest_route=\/wp\/v2\/types\/post"}],"author":[{"embeddable":true,"href":"http:\/\/armins-nach-richten.de\/index.php?rest_route=\/wp\/v2\/users\/1"}],"replies":[{"embeddable":true,"href":"http:\/\/armins-nach-richten.de\/index.php?rest_route=%2Fwp%2Fv2%2Fcomments&post=459"}],"version-history":[{"count":1,"href":"http:\/\/armins-nach-richten.de\/index.php?rest_route=\/wp\/v2\/posts\/459\/revisions"}],"predecessor-version":[{"id":460,"href":"http:\/\/armins-nach-richten.de\/index.php?rest_route=\/wp\/v2\/posts\/459\/revisions\/460"}],"wp:attachment":[{"href":"http:\/\/armins-nach-richten.de\/index.php?rest_route=%2Fwp%2Fv2%2Fmedia&parent=459"}],"wp:term":[{"taxonomy":"category","embeddable":true,"href":"http:\/\/armins-nach-richten.de\/index.php?rest_route=%2Fwp%2Fv2%2Fcategories&post=459"},{"taxonomy":"post_tag","embeddable":true,"href":"http:\/\/armins-nach-richten.de\/index.php?rest_route=%2Fwp%2Fv2%2Ftags&post=459"}],"curies":[{"name":"wp","href":"https:\/\/api.w.org\/{rel}","templated":true}]}}