{"id":386,"date":"2018-04-01T13:33:36","date_gmt":"2018-04-01T11:33:36","guid":{"rendered":"http:\/\/armins-nach-richten.de\/?p=386"},"modified":"2018-04-01T13:33:40","modified_gmt":"2018-04-01T11:33:40","slug":"monatsbericht-maerz-2018","status":"publish","type":"post","link":"http:\/\/armins-nach-richten.de\/?p=386","title":{"rendered":"Monatsbericht M\u00e4rz 2018"},"content":{"rendered":"<p>Billag Votum in der Schweiz \u2013 pro \u00d6ffentlich-Rechtliche. Stellt euch vor, die Konf\u00f6derierten h\u00e4tten f\u00fcr die\u00a0 \u00a0 \u00a0 \u00a0 \u00a0 \u00a0 Un\u00f6ffentlichen-Unrechtlichen gestimmt!<\/p>\n<ul>\n<li>Endlich hat es jemand gemerkt: Die Nationalhymne ist nicht genderneutral! Wozu haben wir denn auch eine Gleichstellungsbeauftragte? Nur wenn man so einen Posten schafft, kommt man auch auf solche Ideen. Vaterland \u2013 geht gar nicht! Br\u00fcderlich ebenso! Was ist mit \u201eVater unser\u2026\u201c, und was mit Mutterboden? Was mit Begriffen wie d\u00e4mlich oder herrlich? Und wie ist das eigentlich mit dem dritten Geschlecht? Und, kann es denn heute noch einen Oscar f\u00fcr Frauen geben? In Zeiten von #metoo? Wenigstens ist Oscar streng genommen s\u00e4chlich. Also unten ohne!<\/li>\n<li>Wusstet ihr eigentlich, dass das Gegenteil von gut = gut gemeint ist? Da kommen wir logisch unmittelbar auf die High Lights der GroKo. Er platzt vor Stolz: B.Scheuert als neuer Verkehrtminister. Man musste Angst haben um Vollhorst und den Eigentorsch\u00fctzen Gerd M\u00fcller, dass sie nicht von mautfrei \u00a0herumfliegenden Hemdenkn\u00f6pfen getroffen werden. Apropos: Wo ist eigentlich Mauti abgeblieben?<\/li>\n<li>Dorothee B\u00e4r-chen, noch nicht im Amt, aber schon die gro\u00dfen kryptischen Zukunftspl\u00e4ne schwingen. Dabei herrscht in CSU-Land tiefstes digitales Mittelalter. Super Start! Als bisher Verantwortliche hat sie sich in der letzten Legislaturperiode auch schon im digitalen Netz total verheddert. Hier hat man sprichw\u00f6rtlich den B\u00e4r zum G\u00e4rtner gemacht!<\/li>\n<li>Fu\u00dfball kann ich nun wirklich nicht mehr sehen. Obwohl ich doch t\u00e4glich dazu Gelegenheit h\u00e4tte. Aber was zu viel ist, ist zu viel! Endlich begehren auch die Fans auf. Sport sollte doch pro-Fans sein und nicht ausschlie\u00dflich Pro-Fit.<\/li>\n<li>Im Wei\u00dfen Haus werden die T\u00fcrklinken nicht kalt. Es finden mehr R\u00fccktritte statt, als in jedem Eselskral. Das wird nur noch vom HSV \u00fcbertroffen.<\/li>\n<li>Am 08. war wieder Welt-Frauentag. Was macht Mann da eigentlich? Blumen? Einladung Essen? Staubsaugen? Sollte man mal Alice fragen oder Alexa? Die Drogeriemarktkette \u201eBipa\u201c bot 25% auf Putzmittel. Auch eine Idee!<\/li>\n<li>Und noch einmal GroKo: Mutti steigt wie Ph\u00f6nixe aus der Asche.<\/li>\n<li>Eine Berufliche Fachschule in Freiburg wurde umbenannt in Maria Furtw\u00e4ngler Schule, der Gattin von Herrn Burda. Was heutzutage alles m\u00f6glich ist! Haben wir denn keine verdienten Dichter oder Denker oder Wissenschaftler mehr, denen es zur Ehre gereicht h\u00e4tte? M\u00fcssen es jetzt Musen oder Miminnen sein? Oder kann man das sogar kaufen, wie die Namen von Hochs oder Tiefs?<\/li>\n<li>Warnstreik der Telecom. Ein Unternehmenssprecher warnt vor m\u00f6glichen Verz\u00f6gerungen beim Kunden-Service. W\u00e4re das nicht gar eine Verbesserung der Dienstleistung, wenn es nur zu Verz\u00f6gerungen k\u00e4me?<\/li>\n<li>03. Equal Pay Day: In nahezu allen Medien hie\u00df es, dass Frauen bis zu diesem Tag umsonst gearbeitet h\u00e4tten. Kein Wunder, dass sie dann kein Geld daf\u00fcr bekommen.<\/li>\n<li>03. Tag der Poesie. Ausgerechnet Lothar Matth\u00e4us, die Legende des geschliffenen Wortes, feiert an diesem Tag seinen Geburtstag. Doch damit nicht genug. Hansi Hinterseer gesteht, dass er keine Noten lesen kann und auch sonst nie gut im Lesen war. Das erkl\u00e4rt doch so Manches! Und noch ein Highfligher \u2013 Thomas M\u00fcller, das ist der Fu\u00dfballer, der immer zuerst am Mikro ist, stellt sein erstes Kinderbuch vor. Dann hat er sein Niveau ja sehr pr\u00e4zise eingesch\u00e4tzt.<\/li>\n<li>Da mache ich mir jetzt doch ernsthaft Sorgen: Die asozialen Medien <em>money<\/em>pulieren mit den Daten, die ihnen Millionen User freiwillig in den Rachen schmei\u00dfen. Wer h\u00e4tte das gedacht?<\/li>\n<li>Das wundert wirklich keinen mehr. Trotz negativer Bilanz vervierfacht die Deutsche Bank ihre Managerboni von 546 Millionen \u20ac auf 2,3 Milliarden \u20ac. Einfache mathematische Formel: Minus mal Minus gibt Plus.<\/li>\n<li>Sankt Ionen. Mit einem heiligen Handelskrieg bringt der Schwachkopf aus den USA die ganze Welt erneut durcheinander. Habt erbarmen! Selig sind die geistig Armen, denn ihnen ist das Himmelreich.<\/li>\n<li>Bitte zieht die Landtagswahlen in Bayern vor, damit Vollhorst nicht noch zum Ehrenvorsitzenden bei der AfD ernannt wird.<\/li>\n<li>Kinder an die Macht! In den USA schiessen die Kids jetzt zur\u00fcck: Mit scharfen Worten! Es gibt einen Silberstreifen am Horizont.<\/li>\n<li>Sommerzeit \u2013 selbst Rentner leiden unter dem Bettlag.<\/li>\n<li>Und unsere Heidi \u2013 sie bereitet so vielen M\u00e4nnern Freude. Vom greisen Formel 1 \u00d6hi, \u00fcber die ganze ethnische Vielfalt, bis zu einem pubertierenden Jungen. Wer da nicht schnell genug auf dem Baum ist\u2026..<\/li>\n<\/ul>\n<p>Gut, dass der M\u00e4rz rum ist! Jetzt noch rasch den Segen \u201eUrbi et Obi\u201c \u00fcber uns ergehen lassen, und dann zur\u00fcck in den Alltag mit all seinen L\u00fcgen und Morden und Moneypulationen.<\/p>\n","protected":false},"excerpt":{"rendered":"<p>Billag Votum in der Schweiz \u2013 pro \u00d6ffentlich-Rechtliche. Stellt euch vor, die Konf\u00f6derierten h\u00e4tten f\u00fcr die\u00a0 \u00a0 \u00a0 \u00a0 \u00a0 \u00a0 Un\u00f6ffentlichen-Unrechtlichen gestimmt! Endlich hat es jemand gemerkt: Die Nationalhymne ist nicht genderneutral! Wozu haben wir denn auch eine Gleichstellungsbeauftragte? Nur wenn man so einen Posten schafft, kommt man auch auf solche Ideen. Vaterland \u2013 [&hellip;]<\/p>\n","protected":false},"author":1,"featured_media":0,"comment_status":"open","ping_status":"open","sticky":false,"template":"","format":"standard","meta":{"footnotes":""},"categories":[56],"tags":[],"class_list":["post-386","post","type-post","status-publish","format-standard","hentry","category-c-gesellschaft","post-preview"],"_links":{"self":[{"href":"http:\/\/armins-nach-richten.de\/index.php?rest_route=\/wp\/v2\/posts\/386","targetHints":{"allow":["GET"]}}],"collection":[{"href":"http:\/\/armins-nach-richten.de\/index.php?rest_route=\/wp\/v2\/posts"}],"about":[{"href":"http:\/\/armins-nach-richten.de\/index.php?rest_route=\/wp\/v2\/types\/post"}],"author":[{"embeddable":true,"href":"http:\/\/armins-nach-richten.de\/index.php?rest_route=\/wp\/v2\/users\/1"}],"replies":[{"embeddable":true,"href":"http:\/\/armins-nach-richten.de\/index.php?rest_route=%2Fwp%2Fv2%2Fcomments&post=386"}],"version-history":[{"count":1,"href":"http:\/\/armins-nach-richten.de\/index.php?rest_route=\/wp\/v2\/posts\/386\/revisions"}],"predecessor-version":[{"id":387,"href":"http:\/\/armins-nach-richten.de\/index.php?rest_route=\/wp\/v2\/posts\/386\/revisions\/387"}],"wp:attachment":[{"href":"http:\/\/armins-nach-richten.de\/index.php?rest_route=%2Fwp%2Fv2%2Fmedia&parent=386"}],"wp:term":[{"taxonomy":"category","embeddable":true,"href":"http:\/\/armins-nach-richten.de\/index.php?rest_route=%2Fwp%2Fv2%2Fcategories&post=386"},{"taxonomy":"post_tag","embeddable":true,"href":"http:\/\/armins-nach-richten.de\/index.php?rest_route=%2Fwp%2Fv2%2Ftags&post=386"}],"curies":[{"name":"wp","href":"https:\/\/api.w.org\/{rel}","templated":true}]}}